{"id":15313,"date":"2024-10-14T14:03:48","date_gmt":"2024-10-14T12:03:48","guid":{"rendered":"https:\/\/www.realisaprint.com\/blog\/?p=15313"},"modified":"2024-12-12T14:58:55","modified_gmt":"2024-12-12T13:58:55","slug":"comment-le-sac-kraft-renforce-limage-de-marque-des-entreprises","status":"publish","type":"post","link":"https:\/\/www.realisaprint.com\/blog\/produits\/comment-le-sac-kraft-renforce-limage-de-marque-des-entreprises\/","title":{"rendered":"Comment le sac kraft publicitaire renforce l&rsquo;image de marque des entreprises\u00a0?"},"content":{"rendered":"\n<p>Dans un march\u00e9 o\u00f9 la concurrence est f\u00e9roce, l&rsquo;image de marque joue un r\u00f4le crucial dans la r\u00e9ussite d&rsquo;une entreprise. Parmi les nombreux outils marketing disponibles, le sac kraft se distingue comme un support \u00e0 la fois esth\u00e9tique, pratique et durable. Dans cet article, d\u00e9couvrons comment cet accessoire peut devenir un atout majeur pour valoriser l&rsquo;image de marque de vos clients.<\/p>\n\n\n\n<!--more-->\n\n\n\n<h2 class=\"wp-block-heading\">Le sac kraft comme levier pour renforcer l\u2019image de marque<\/h2>\n\n\n\n<p>Le sac kraft, sous forme publicitaire, est un levier puissant pour renforcer l\u2019image de marque des entreprises. En effet, en permettant \u00e0 vos clients de de refl\u00e9ter leur identit\u00e9 visuelle \u00e0 travers le choix des couleurs, des motifs et des messages imprim\u00e9s, le sac kraft devient un v\u00e9ritable support de communication. De plus, l\u2019impression offre des r\u00e9sultats de haute qualit\u00e9 et une multitude de possibilit\u00e9s cr\u00e9atives. Cela permet ainsi \u00e0 vos clients de se d\u00e9marquer en concevant des sacs uniques qui attirent l&rsquo;attention et marquent les esprits.<\/p>\n\n\n\n<p>En outre, <a href=\"https:\/\/www.realisaprint.com\/sac-kraft-publicitaire-r2680.html\">un sac papier<\/a> bien con\u00e7u permet \u00e9galement de renforcer l\u2019exp\u00e9rience avec les clients. Et pour cause, en int\u00e9grant des \u00e9l\u00e9ments graphiques qui \u00e9voquent les valeurs et l&rsquo;univers de vos clients, ces derniers pourront cr\u00e9er une communaut\u00e9 avec leurs prospects. Par exemple, une marque de mode peut opter pour des illustrations artistiques et des slogans engageants, tandis qu\u2019un restaurant local peut mettre en avant ses valeurs. La personnalisation du sac kraft s\u2019av\u00e8re ainsi \u00eatre une strat\u00e9gie efficace pour accro\u00eetre l\u2019image de marque et l\u2019impact de la communication de vos clients.<\/p>\n\n\n\n<h2 class=\"wp-block-heading\">Un support de communication populaire et polyvalent <\/h2>\n\n\n\n<p>Adapt\u00e9 \u00e0 divers contextes et \u00e9v\u00e9nements, le sac kraft personnalis\u00e9 se r\u00e9v\u00e8le \u00eatre un support de communication ultra populaire et polyvalent. C\u2019est simple, c\u2019est un atout tr\u00e8s pr\u00e9cieux pour les entreprises qui utilisent ce support. Que ce soit lors de ventes en magasin, de salons professionnels ou d\u2019\u00e9v\u00e9nements promotionnels, le sac kraft s&rsquo;impose comme un choix pratique et esth\u00e9tique. Il permet \u00e0 vos clients de renforcer leur visibilit\u00e9 tout en offrant un service utile \u00e0 leurs clients. Lors des salons, par exemple, un sac <a href=\"https:\/\/www.realisaprint.com\/sac-kraft-bouteille-publicitaire-r2685.html\">kraft personnalis\u00e9<\/a> peut contenir des brochures, des \u00e9chantillons ou des goodies, tout en v\u00e9hiculant l&rsquo;image de marque.<\/p>\n\n\n\n<figure class=\"wp-block-image size-full\"><img loading=\"lazy\" decoding=\"async\" width=\"800\" height=\"533\" src=\"https:\/\/www.realisaprint.com\/blog\/wp-content\/uploads\/2024\/10\/impression-sac-kraft.png\" alt=\"Le sac kraft peut \u00eatre utilis\u00e9 pour de diff\u00e9rentes fa\u00e7ons\" class=\"wp-image-15315\" srcset=\"https:\/\/www.realisaprint.com\/blog\/wp-content\/uploads\/2024\/10\/impression-sac-kraft.png 800w, https:\/\/www.realisaprint.com\/blog\/wp-content\/uploads\/2024\/10\/impression-sac-kraft-300x200.png 300w, https:\/\/www.realisaprint.com\/blog\/wp-content\/uploads\/2024\/10\/impression-sac-kraft-768x512.png 768w, https:\/\/www.realisaprint.com\/blog\/wp-content\/uploads\/2024\/10\/impression-sac-kraft-600x400.png 600w\" sizes=\"auto, (max-width: 800px) 100vw, 800px\" \/><\/figure>\n\n\n\n<p>Vous l\u2019aurez compris, les sacs en papier kraft sont polyvalents et ne sont pas destin\u00e9s \u00e0 un usage unique. Ils se d\u00e9clinent en diverses tailles, styles et couleurs, les rendant adapt\u00e9s \u00e0 de nombreuses situations. Que ce soit pour emballer des produits alimentaires, des cadeaux ou pour y ins\u00e9rer des flyers, les sacs en papier kraft offrent une vari\u00e9t\u00e9 d&rsquo;options \u00e0 vos clients.<\/p>\n\n\n\n<h2 class=\"wp-block-heading\">Le sac kraft comme symbole d\u2019un engagement \u00e9coresponsable<\/h2>\n\n\n\n<p>Dans un monde de plus en plus sensibilis\u00e9 aux enjeux environnementaux, le sac kraft appara\u00eet comme une alternative durable aux sac plastiques ou traditionnels. Aujourd\u2019hui, ce support incarne un v\u00e9ritable engagement \u00e9coresponsable. C\u2019est d\u2019ailleurs un crit\u00e8re tr\u00e8s valoris\u00e9 par les consommateurs et les entreprises de nos jours. Les entreprises n\u2019h\u00e9sitent donc plus \u00e0 aller plus loin dans leurs d\u00e9marches environnementales. Pour cela, elles peuvent ainsi faire le choix d\u2019utiliser des sacs kraft plut\u00f4t que plastique. Le choix d\u2019un sac kraft, fabriqu\u00e9 \u00e0 partir de mat\u00e9riaux recyclables et biod\u00e9gradables, symbolise cet engagement responsable.<\/p>\n\n\n\n<p>Contrairement aux sacs en plastique, le kraft est per\u00e7u comme une alternative durable et respectueuse de l\u2019environnement. Ce type de sac contribue \u00e0 r\u00e9duire l\u2019empreinte carbone des entreprises. Ce mat\u00e9riau, \u00e0 la fois robuste et naturel, refl\u00e8te des valeurs de simplicit\u00e9, d\u2019authenticit\u00e9 et de respect de la nature, que de nombreuses marques cherchent \u00e0 promouvoir. De plus, en associant leur logo \u00e0 ce support \u00e9cologique, elles renforcent leur positionnement \u00e9thique et captent l\u2019attention des consommateurs soucieux de l\u2019environnement.<\/p>\n\n\n\n<h2 class=\"wp-block-heading\">Un support aux multiples avantages<\/h2>\n\n\n\n<p>Le sac kraft publicitaire pr\u00e9sente de nombreux avantages qui en font un choix privil\u00e9gi\u00e9 pour les entreprises soucieuses de leur image de marque et de leur impact environnemental. Tout d&rsquo;abord, sa fabrication \u00e0 partir de mat\u00e9riaux recyclables et biod\u00e9gradables en fait une alternative \u00e9co-responsable aux sacs en plastique. Cela permet de r\u00e9pondre \u00e0 une certaine demande croissante des consommateurs pour des solutions durables. En outre, le sac kraft est robuste et r\u00e9sistant, offrant une excellente capacit\u00e9 de charge, ce qui le rend id\u00e9al pour transporter des produits vari\u00e9s, des courses aux articles promotionnels.<\/p>\n\n\n\n<p>Sa personnalisation permet \u00e9galement aux entreprises de renforcer leur visibilit\u00e9 et leur identit\u00e9 de marque. En int\u00e9grant des logos, des couleurs et des messages distinctifs, le sac kraft devient un outil de communication efficace qui attire l&rsquo;attention des clients. De plus, sa polyvalence en fait un support adapt\u00e9 \u00e0 divers contextes : boutiques, salons professionnels, \u00e9v\u00e9nements ou campagnes de street marketing. Enfin, en choisissant le sac kraft, les entreprises non seulement am\u00e9liorent leur image de marque, mais cr\u00e9ent aussi un lien positif avec leurs clients, qui appr\u00e9cient l&rsquo;engagement des marques envers la durabilit\u00e9 et la qualit\u00e9.<\/p>\n\n\n\n<div class=\"wp-block-buttons is-content-justification-center is-layout-flex wp-container-core-buttons-is-layout-16018d1d wp-block-buttons-is-layout-flex\">\n<div class=\"wp-block-button\"><a class=\"wp-block-button__link has-white-color has-text-color has-background has-link-color has-text-align-center wp-element-button\" href=\"https:\/\/www.realisaprint.com\/sac-avec-logo-c532.html\" style=\"background-color:#2aaf52\">D\u00e9couvrir nos sacs kraft<\/a><\/div>\n<\/div>\n","protected":false},"excerpt":{"rendered":"<p>Dans un march\u00e9 o\u00f9 la concurrence est f\u00e9roce, l&rsquo;image de marque joue un r\u00f4le crucial dans la r\u00e9ussite d&rsquo;une entreprise. Parmi les nombreux outils marketing disponibles, le sac kraft se distingue comme un support \u00e0&#8230;<\/p>\n","protected":false},"author":2,"featured_media":15314,"comment_status":"open","ping_status":"open","sticky":false,"template":"","format":"standard","meta":{"_acf_changed":false,"_monsterinsights_skip_tracking":false,"_monsterinsights_sitenote_active":false,"_monsterinsights_sitenote_note":"","_monsterinsights_sitenote_category":0,"footnotes":""},"categories":[7],"tags":[],"class_list":["post-15313","post","type-post","status-publish","format-standard","has-post-thumbnail","hentry","category-produits"],"acf":[],"yoast_head":"<!-- This site is optimized with the Yoast SEO plugin v22.7 - https:\/\/yoast.com\/wordpress\/plugins\/seo\/ -->\n<title>Sac kraft : l&#039;option \u00e9co-responsable pour sa communication | Le Blog Realisaprint<\/title>\n<meta name=\"description\" content=\"Dans cet article, d\u00e9couvrons comment le sac kraft peut devenir un atout majeur pour valoriser l&#039;image de marque de vos clients.\" \/>\n<meta name=\"robots\" content=\"index, follow, max-snippet:-1, max-image-preview:large, max-video-preview:-1\" \/>\n<link rel=\"canonical\" href=\"https:\/\/www.realisaprint.com\/blog\/produits\/comment-le-sac-kraft-renforce-limage-de-marque-des-entreprises\/\" \/>\n<meta property=\"og:locale\" content=\"fr_FR\" \/>\n<meta property=\"og:type\" content=\"article\" \/>\n<meta property=\"og:title\" content=\"Sac kraft : l&#039;option \u00e9co-responsable pour sa communication | Le Blog Realisaprint\" \/>\n<meta property=\"og:description\" content=\"Dans cet article, d\u00e9couvrons comment le sac kraft peut devenir un atout majeur pour valoriser l&#039;image de marque de vos clients.\" \/>\n<meta property=\"og:url\" content=\"https:\/\/www.realisaprint.com\/blog\/produits\/comment-le-sac-kraft-renforce-limage-de-marque-des-entreprises\/\" \/>\n<meta property=\"og:site_name\" content=\"Le Blog Realisaprint\" \/>\n<meta property=\"article:publisher\" content=\"https:\/\/www.facebook.com\/Realisaprint\" \/>\n<meta property=\"article:published_time\" content=\"2024-10-14T12:03:48+00:00\" \/>\n<meta property=\"article:modified_time\" content=\"2024-12-12T13:58:55+00:00\" \/>\n<meta property=\"og:image\" content=\"https:\/\/www.realisaprint.com\/blog\/wp-content\/uploads\/2024\/10\/sac-kraft-publicitaire.png\" \/>\n\t<meta property=\"og:image:width\" content=\"800\" \/>\n\t<meta property=\"og:image:height\" content=\"533\" \/>\n\t<meta property=\"og:image:type\" content=\"image\/png\" \/>\n<meta name=\"author\" content=\"Lucas A\" \/>\n<meta name=\"twitter:card\" content=\"summary_large_image\" \/>\n<meta name=\"twitter:creator\" content=\"@Realisaprintcom\" \/>\n<meta name=\"twitter:site\" content=\"@Realisaprintcom\" \/>\n<meta name=\"twitter:label1\" content=\"\u00c9crit par\" \/>\n\t<meta name=\"twitter:data1\" content=\"Lucas A\" \/>\n\t<meta name=\"twitter:label2\" content=\"Dur\u00e9e de lecture estim\u00e9e\" \/>\n\t<meta name=\"twitter:data2\" content=\"5 minutes\" \/>\n<script type=\"application\/ld+json\" class=\"yoast-schema-graph\">{\"@context\":\"https:\/\/schema.org\",\"@graph\":[{\"@type\":\"WebPage\",\"@id\":\"https:\/\/www.realisaprint.com\/blog\/produits\/comment-le-sac-kraft-renforce-limage-de-marque-des-entreprises\/\",\"url\":\"https:\/\/www.realisaprint.com\/blog\/produits\/comment-le-sac-kraft-renforce-limage-de-marque-des-entreprises\/\",\"name\":\"Sac kraft : l'option \u00e9co-responsable pour sa communication | Le Blog Realisaprint\",\"isPartOf\":{\"@id\":\"https:\/\/www.realisaprint.com\/blog\/#website\"},\"primaryImageOfPage\":{\"@id\":\"https:\/\/www.realisaprint.com\/blog\/produits\/comment-le-sac-kraft-renforce-limage-de-marque-des-entreprises\/#primaryimage\"},\"image\":{\"@id\":\"https:\/\/www.realisaprint.com\/blog\/produits\/comment-le-sac-kraft-renforce-limage-de-marque-des-entreprises\/#primaryimage\"},\"thumbnailUrl\":\"https:\/\/www.realisaprint.com\/blog\/wp-content\/uploads\/2024\/10\/sac-kraft-publicitaire.png\",\"datePublished\":\"2024-10-14T12:03:48+00:00\",\"dateModified\":\"2024-12-12T13:58:55+00:00\",\"author\":{\"@id\":\"https:\/\/www.realisaprint.com\/blog\/#\/schema\/person\/b4f882c4a8ff39dac50f7c1bf805ef36\"},\"description\":\"Dans cet article, d\u00e9couvrons comment le sac kraft peut devenir un atout majeur pour valoriser l'image de marque de vos clients.\",\"breadcrumb\":{\"@id\":\"https:\/\/www.realisaprint.com\/blog\/produits\/comment-le-sac-kraft-renforce-limage-de-marque-des-entreprises\/#breadcrumb\"},\"inLanguage\":\"fr-FR\",\"potentialAction\":[{\"@type\":\"ReadAction\",\"target\":[\"https:\/\/www.realisaprint.com\/blog\/produits\/comment-le-sac-kraft-renforce-limage-de-marque-des-entreprises\/\"]}]},{\"@type\":\"ImageObject\",\"inLanguage\":\"fr-FR\",\"@id\":\"https:\/\/www.realisaprint.com\/blog\/produits\/comment-le-sac-kraft-renforce-limage-de-marque-des-entreprises\/#primaryimage\",\"url\":\"https:\/\/www.realisaprint.com\/blog\/wp-content\/uploads\/2024\/10\/sac-kraft-publicitaire.png\",\"contentUrl\":\"https:\/\/www.realisaprint.com\/blog\/wp-content\/uploads\/2024\/10\/sac-kraft-publicitaire.png\",\"width\":800,\"height\":533,\"caption\":\"Comment le sac kraft publicitaire renforce l'image de marque des entreprises ?\"},{\"@type\":\"BreadcrumbList\",\"@id\":\"https:\/\/www.realisaprint.com\/blog\/produits\/comment-le-sac-kraft-renforce-limage-de-marque-des-entreprises\/#breadcrumb\",\"itemListElement\":[{\"@type\":\"ListItem\",\"position\":1,\"name\":\"Accueil\",\"item\":\"https:\/\/www.realisaprint.com\/blog\/\"},{\"@type\":\"ListItem\",\"position\":2,\"name\":\"Comment le sac kraft publicitaire renforce l&rsquo;image de marque des entreprises\u00a0?\"}]},{\"@type\":\"WebSite\",\"@id\":\"https:\/\/www.realisaprint.com\/blog\/#website\",\"url\":\"https:\/\/www.realisaprint.com\/blog\/\",\"name\":\"Le Blog Realisaprint\",\"description\":\"\",\"potentialAction\":[{\"@type\":\"SearchAction\",\"target\":{\"@type\":\"EntryPoint\",\"urlTemplate\":\"https:\/\/www.realisaprint.com\/blog\/?s={search_term_string}\"},\"query-input\":\"required name=search_term_string\"}],\"inLanguage\":\"fr-FR\"},{\"@type\":\"Person\",\"@id\":\"https:\/\/www.realisaprint.com\/blog\/#\/schema\/person\/b4f882c4a8ff39dac50f7c1bf805ef36\",\"name\":\"Lucas A\",\"image\":{\"@type\":\"ImageObject\",\"inLanguage\":\"fr-FR\",\"@id\":\"https:\/\/www.realisaprint.com\/blog\/#\/schema\/person\/image\/\",\"url\":\"https:\/\/secure.gravatar.com\/avatar\/37537aa0cc92014913687d11fed89d0aec4198c1ea7f79e31c816d64c3437252?s=96&d=mm&r=g\",\"contentUrl\":\"https:\/\/secure.gravatar.com\/avatar\/37537aa0cc92014913687d11fed89d0aec4198c1ea7f79e31c816d64c3437252?s=96&d=mm&r=g\",\"caption\":\"Lucas A\"}}]}<\/script>\n<!-- \/ Yoast SEO plugin. -->","yoast_head_json":{"title":"Sac kraft : l'option \u00e9co-responsable pour sa communication | Le Blog Realisaprint","description":"Dans cet article, d\u00e9couvrons comment le sac kraft peut devenir un atout majeur pour valoriser l'image de marque de vos clients.","robots":{"index":"index","follow":"follow","max-snippet":"max-snippet:-1","max-image-preview":"max-image-preview:large","max-video-preview":"max-video-preview:-1"},"canonical":"https:\/\/www.realisaprint.com\/blog\/produits\/comment-le-sac-kraft-renforce-limage-de-marque-des-entreprises\/","og_locale":"fr_FR","og_type":"article","og_title":"Sac kraft : l'option \u00e9co-responsable pour sa communication | Le Blog Realisaprint","og_description":"Dans cet article, d\u00e9couvrons comment le sac kraft peut devenir un atout majeur pour valoriser l'image de marque de vos clients.","og_url":"https:\/\/www.realisaprint.com\/blog\/produits\/comment-le-sac-kraft-renforce-limage-de-marque-des-entreprises\/","og_site_name":"Le Blog Realisaprint","article_publisher":"https:\/\/www.facebook.com\/Realisaprint","article_published_time":"2024-10-14T12:03:48+00:00","article_modified_time":"2024-12-12T13:58:55+00:00","og_image":[{"width":800,"height":533,"url":"https:\/\/www.realisaprint.com\/blog\/wp-content\/uploads\/2024\/10\/sac-kraft-publicitaire.png","type":"image\/png"}],"author":"Lucas A","twitter_card":"summary_large_image","twitter_creator":"@Realisaprintcom","twitter_site":"@Realisaprintcom","twitter_misc":{"\u00c9crit par":"Lucas A","Dur\u00e9e de lecture estim\u00e9e":"5 minutes"},"schema":{"@context":"https:\/\/schema.org","@graph":[{"@type":"WebPage","@id":"https:\/\/www.realisaprint.com\/blog\/produits\/comment-le-sac-kraft-renforce-limage-de-marque-des-entreprises\/","url":"https:\/\/www.realisaprint.com\/blog\/produits\/comment-le-sac-kraft-renforce-limage-de-marque-des-entreprises\/","name":"Sac kraft : l'option \u00e9co-responsable pour sa communication | Le Blog Realisaprint","isPartOf":{"@id":"https:\/\/www.realisaprint.com\/blog\/#website"},"primaryImageOfPage":{"@id":"https:\/\/www.realisaprint.com\/blog\/produits\/comment-le-sac-kraft-renforce-limage-de-marque-des-entreprises\/#primaryimage"},"image":{"@id":"https:\/\/www.realisaprint.com\/blog\/produits\/comment-le-sac-kraft-renforce-limage-de-marque-des-entreprises\/#primaryimage"},"thumbnailUrl":"https:\/\/www.realisaprint.com\/blog\/wp-content\/uploads\/2024\/10\/sac-kraft-publicitaire.png","datePublished":"2024-10-14T12:03:48+00:00","dateModified":"2024-12-12T13:58:55+00:00","author":{"@id":"https:\/\/www.realisaprint.com\/blog\/#\/schema\/person\/b4f882c4a8ff39dac50f7c1bf805ef36"},"description":"Dans cet article, d\u00e9couvrons comment le sac kraft peut devenir un atout majeur pour valoriser l'image de marque de vos clients.","breadcrumb":{"@id":"https:\/\/www.realisaprint.com\/blog\/produits\/comment-le-sac-kraft-renforce-limage-de-marque-des-entreprises\/#breadcrumb"},"inLanguage":"fr-FR","potentialAction":[{"@type":"ReadAction","target":["https:\/\/www.realisaprint.com\/blog\/produits\/comment-le-sac-kraft-renforce-limage-de-marque-des-entreprises\/"]}]},{"@type":"ImageObject","inLanguage":"fr-FR","@id":"https:\/\/www.realisaprint.com\/blog\/produits\/comment-le-sac-kraft-renforce-limage-de-marque-des-entreprises\/#primaryimage","url":"https:\/\/www.realisaprint.com\/blog\/wp-content\/uploads\/2024\/10\/sac-kraft-publicitaire.png","contentUrl":"https:\/\/www.realisaprint.com\/blog\/wp-content\/uploads\/2024\/10\/sac-kraft-publicitaire.png","width":800,"height":533,"caption":"Comment le sac kraft publicitaire renforce l'image de marque des entreprises ?"},{"@type":"BreadcrumbList","@id":"https:\/\/www.realisaprint.com\/blog\/produits\/comment-le-sac-kraft-renforce-limage-de-marque-des-entreprises\/#breadcrumb","itemListElement":[{"@type":"ListItem","position":1,"name":"Accueil","item":"https:\/\/www.realisaprint.com\/blog\/"},{"@type":"ListItem","position":2,"name":"Comment le sac kraft publicitaire renforce l&rsquo;image de marque des entreprises\u00a0?"}]},{"@type":"WebSite","@id":"https:\/\/www.realisaprint.com\/blog\/#website","url":"https:\/\/www.realisaprint.com\/blog\/","name":"Le Blog Realisaprint","description":"","potentialAction":[{"@type":"SearchAction","target":{"@type":"EntryPoint","urlTemplate":"https:\/\/www.realisaprint.com\/blog\/?s={search_term_string}"},"query-input":"required name=search_term_string"}],"inLanguage":"fr-FR"},{"@type":"Person","@id":"https:\/\/www.realisaprint.com\/blog\/#\/schema\/person\/b4f882c4a8ff39dac50f7c1bf805ef36","name":"Lucas A","image":{"@type":"ImageObject","inLanguage":"fr-FR","@id":"https:\/\/www.realisaprint.com\/blog\/#\/schema\/person\/image\/","url":"https:\/\/secure.gravatar.com\/avatar\/37537aa0cc92014913687d11fed89d0aec4198c1ea7f79e31c816d64c3437252?s=96&d=mm&r=g","contentUrl":"https:\/\/secure.gravatar.com\/avatar\/37537aa0cc92014913687d11fed89d0aec4198c1ea7f79e31c816d64c3437252?s=96&d=mm&r=g","caption":"Lucas A"}}]}},"_links":{"self":[{"href":"https:\/\/www.realisaprint.com\/blog\/wp-json\/wp\/v2\/posts\/15313","targetHints":{"allow":["GET"]}}],"collection":[{"href":"https:\/\/www.realisaprint.com\/blog\/wp-json\/wp\/v2\/posts"}],"about":[{"href":"https:\/\/www.realisaprint.com\/blog\/wp-json\/wp\/v2\/types\/post"}],"author":[{"embeddable":true,"href":"https:\/\/www.realisaprint.com\/blog\/wp-json\/wp\/v2\/users\/2"}],"replies":[{"embeddable":true,"href":"https:\/\/www.realisaprint.com\/blog\/wp-json\/wp\/v2\/comments?post=15313"}],"version-history":[{"count":2,"href":"https:\/\/www.realisaprint.com\/blog\/wp-json\/wp\/v2\/posts\/15313\/revisions"}],"predecessor-version":[{"id":15318,"href":"https:\/\/www.realisaprint.com\/blog\/wp-json\/wp\/v2\/posts\/15313\/revisions\/15318"}],"wp:featuredmedia":[{"embeddable":true,"href":"https:\/\/www.realisaprint.com\/blog\/wp-json\/wp\/v2\/media\/15314"}],"wp:attachment":[{"href":"https:\/\/www.realisaprint.com\/blog\/wp-json\/wp\/v2\/media?parent=15313"}],"wp:term":[{"taxonomy":"category","embeddable":true,"href":"https:\/\/www.realisaprint.com\/blog\/wp-json\/wp\/v2\/categories?post=15313"},{"taxonomy":"post_tag","embeddable":true,"href":"https:\/\/www.realisaprint.com\/blog\/wp-json\/wp\/v2\/tags?post=15313"}],"curies":[{"name":"wp","href":"https:\/\/api.w.org\/{rel}","templated":true}]}}