{"id":15659,"date":"2025-09-02T14:58:07","date_gmt":"2025-09-02T12:58:07","guid":{"rendered":"https:\/\/www.realisaprint.com\/blog\/?p=15659"},"modified":"2025-09-02T14:58:09","modified_gmt":"2025-09-02T12:58:09","slug":"le-patch-personnalise-un-outil-textile-au-service-de-tous-les-metiers-et-secteurs","status":"publish","type":"post","link":"https:\/\/www.realisaprint.com\/blog\/produits\/le-patch-personnalise-un-outil-textile-au-service-de-tous-les-metiers-et-secteurs\/","title":{"rendered":"Le patch personnalis\u00e9\u00a0: un outil textile au service de tous les m\u00e9tiers et secteurs"},"content":{"rendered":"\n<p>Dans le domaine de la communication visuelle, le patch personnalis\u00e9 s\u2019impose comme un support incontournable. Plus qu\u2019un simple accessoire textile, il v\u00e9hicule une image, une appartenance et une reconnaissance imm\u00e9diate. Qu\u2019il s\u2019agisse d\u2019un <strong>\u00e9cusson thermocollant<\/strong>, d\u2019un <strong>patch velcro<\/strong> ou d\u2019un <strong>patch publicitaire<\/strong>, ce support peut ainsi \u00eatre d\u00e9clin\u00e9 \u00e0 l\u2019infini et adapt\u00e9 \u00e0 des usages tr\u00e8s vari\u00e9s.<\/p>\n\n\n\n<!--more-->\n\n\n\n<h2 class=\"wp-block-heading\">Le patch personnalis\u00e9\u00a0: un support de communication textile efficace<\/h2>\n\n\n\n<p>L\u2019<strong><a href=\"https:\/\/www.realisaprint.com\/ecusson-sur-mesure-c563.html\">\u00e9cusson personnalis\u00e9<\/a><\/strong> est avant tout un outil de communication textile. Appos\u00e9 sur un uniforme, une veste, un sac ou un accessoire, il permet de mettre en valeur un <strong>logo<\/strong>, un <strong>signe distinctif<\/strong> ou une <strong>image de marque<\/strong>. Facile \u00e0 rep\u00e9rer, il joue ainsi un r\u00f4le identitaire fort et assure une visibilit\u00e9 imm\u00e9diate.<\/p>\n\n\n\n<p>Contrairement \u00e0 une impression textile classique, le patch personnalis\u00e9 a l\u2019avantage d\u2019\u00eatre durable et modulable. Disponible en <strong>thermocollant<\/strong> pour une application rapide, en velcro pour un usage interchangeable, ou encore cousu pour une finition haut de gamme, il s\u2019adapte \u00e0 tous les besoins.<\/p>\n\n\n\n<p>Pour les entreprises, les institutions ou les associations, le patch publicitaire devient un v\u00e9ritable outil de diff\u00e9renciation, combinant praticit\u00e9, esth\u00e9tisme et solidit\u00e9.<\/p>\n\n\n\n<h2 class=\"wp-block-heading\">Comment choisir son \u00e9cusson personnalis\u00e9 selon son m\u00e9tier\u00a0?<\/h2>\n\n\n\n<p>Le choix d\u2019un <strong>\u00e9cusson personnalisable<\/strong> d\u00e9pend avant tout du secteur d\u2019activit\u00e9 et de l\u2019usage recherch\u00e9. Selon le m\u00e9tier ou le secteur de vos clients, certains patchs personnalisables seront privil\u00e9gi\u00e9s \u00e0 d\u2019autres. Voici les diff\u00e9rents secteurs o\u00f9 l\u2019\u00e9cusson personnalis\u00e9 trouve parfaitement sa place.<\/p>\n\n\n\n<h4 class=\"wp-block-heading\">Arm\u00e9e et unit\u00e9s militaires : un marquage identitaire<\/h4>\n\n\n\n<p>Dans l\u2019arm\u00e9e, l\u2019\u00e9cusson fait partie int\u00e9grante de l\u2019uniforme. Les <strong>\u00e9cussons personnalis\u00e9s<\/strong> permettent de distinguer les r\u00e9giments, les sp\u00e9cialit\u00e9s ou les grades. Ils sont souvent utilis\u00e9s pour renforcer l\u2019esprit de corps et le sentiment d\u2019appartenance \u00e0 une unit\u00e9.<\/p>\n\n\n\n<p>Le <strong><a href=\"https:\/\/www.realisaprint.com\/blason-ecusson-velcro-r2767.html\">patch velcro<\/a><\/strong> est particuli\u00e8rement appr\u00e9ci\u00e9 dans ce secteur, car il offre la possibilit\u00e9 de changer rapidement d\u2019insigne selon la mission ou la fonction. Au-del\u00e0 de son r\u00f4le pratique, il devient aussi un symbole de fiert\u00e9 et d\u2019identit\u00e9 militaire.<\/p>\n\n\n\n<h4 class=\"wp-block-heading\">Forces de l\u2019ordre : police, gendarmerie et pompiers<\/h4>\n\n\n\n<p>Les <strong data-start=\"2321\" data-end=\"2342\">forces de l\u2019ordre<\/strong> et les services de secours s\u2019appuient \u00e9galement sur les \u00e9cussons pour identifier clairement leurs \u00e9quipes. Les pompiers arborent des <strong data-start=\"2476\" data-end=\"2500\">patchs publicitaires<\/strong> aux couleurs de leur caserne, tandis que la police et la gendarmerie utilisent des \u00e9cussons officiels garantissant l\u2019autorit\u00e9 et la reconnaissance de leur mission.<\/p>\n\n\n\n<figure class=\"wp-block-image size-large\"><img loading=\"lazy\" decoding=\"async\" width=\"1024\" height=\"683\" src=\"https:\/\/www.realisaprint.com\/blog\/wp-content\/uploads\/2025\/09\/ecusson_DTF_personnalise-1024x683.png\" alt=\"Patch personnalis\u00e9 sur un uniforme de gendarme\" class=\"wp-image-15661\" srcset=\"https:\/\/www.realisaprint.com\/blog\/wp-content\/uploads\/2025\/09\/ecusson_DTF_personnalise-1024x683.png 1024w, https:\/\/www.realisaprint.com\/blog\/wp-content\/uploads\/2025\/09\/ecusson_DTF_personnalise-300x200.png 300w, https:\/\/www.realisaprint.com\/blog\/wp-content\/uploads\/2025\/09\/ecusson_DTF_personnalise-768x512.png 768w, https:\/\/www.realisaprint.com\/blog\/wp-content\/uploads\/2025\/09\/ecusson_DTF_personnalise-600x400.png 600w, https:\/\/www.realisaprint.com\/blog\/wp-content\/uploads\/2025\/09\/ecusson_DTF_personnalise-1000x667.png 1000w, https:\/\/www.realisaprint.com\/blog\/wp-content\/uploads\/2025\/09\/ecusson_DTF_personnalise.png 1536w\" sizes=\"auto, (max-width: 1024px) 100vw, 1024px\" \/><\/figure>\n\n\n\n<div style=\"height:22px\" aria-hidden=\"true\" class=\"wp-block-spacer\"><\/div>\n\n\n\n<p>L\u2019\u00e9cusson permet aussi de signaler une unit\u00e9 sp\u00e9cialis\u00e9e (brigade canine, unit\u00e9 d\u2019intervention, plongeurs, etc.) et d\u2019assurer une visibilit\u00e9 imm\u00e9diate aupr\u00e8s de la population. Dans ces professions o\u00f9 l\u2019uniforme est synonyme de confiance et de s\u00e9curit\u00e9, le patch est un \u00e9l\u00e9ment indispensable.<\/p>\n\n\n\n<h4 class=\"wp-block-heading\">Clubs de sport : valoriser une \u00e9quipe et ses valeurs<\/h4>\n\n\n\n<p>Dans le domaine sportif, l\u2019<strong>\u00e9cusson personnalisable<\/strong> est un outil fort en symbolique. Qu\u2019il s\u2019agisse d\u2019un club de football am\u00e9ricain, d\u2019une \u00e9quipe de rugby ou d\u2019une box de crossfit, l\u2019\u00e9cusson s&rsquo;utilise pour repr\u00e9senter les couleurs d\u2019une \u00e9quipe et affirmer son identit\u00e9.<\/p>\n\n\n\n<p>Plac\u00e9s sur les maillots, les surv\u00eatements ou les sacs de sport, ces patchs permettent aux supporters comme aux athl\u00e8tes de partager un m\u00eame signe distinctif. En plus de renforcer la coh\u00e9sion, l\u2019\u00e9cusson constitue un support promotionnel efficace, notamment sous la forme de <strong>patchs \u00e0 l\u2019unit\u00e9<\/strong> vendus comme objets d\u00e9riv\u00e9s.<\/p>\n\n\n\n<h4 class=\"wp-block-heading\">Associations et organisations : f\u00e9d\u00e9rer et identifier<\/h4>\n\n\n\n<p>Les associations, qu\u2019elles soient caritatives, culturelles ou \u00e9ducatives, trouvent dans l\u2019\u00e9cusson un moyen simple et \u00e9conomique de renforcer leur image. Appos\u00e9 sur une tenue de b\u00e9n\u00e9voles ou sur des accessoires lors d\u2019\u00e9v\u00e9nements, l\u2019\u00e9cusson devient un outil de reconnaissance et de valorisation.<\/p>\n\n\n\n<p>Pour le <strong>scoutisme<\/strong>, par exemple, les patchs sont incontournables : ils permettent d\u2019identifier le groupe, la r\u00e9gion ou les missions accomplies, tout en constituant des souvenirs tangibles. Leur format pratique en fait un support ludique et adapt\u00e9 aux jeunes publics.<\/p>\n\n\n\n<h4 class=\"wp-block-heading\">Agents de s\u00e9curit\u00e9 : visibilit\u00e9 et professionnalisme<\/h4>\n\n\n\n<p>Pour les <strong>agents de s\u00e9curit\u00e9<\/strong>, l\u2019\u00e9cusson joue un r\u00f4le crucial dans l\u2019identification professionnelle. Souvent appos\u00e9 sur la poitrine ou l\u2019\u00e9paule des uniformes, il garantit la visibilit\u00e9 imm\u00e9diate du personnel et inspire confiance aupr\u00e8s du public.<\/p>\n\n\n\n<p>L\u2019utilisation <a href=\"https:\/\/www.realisaprint.com\/patch-thermocollant-vetement-r2766.html\">d\u2019<strong>\u00e9cussons thermocollants<\/strong><\/a> ou cousus permet d\u2019assurer une tenue sobre et professionnelle, indispensable dans ce secteur. L\u2019\u00e9cusson devient alors un gage de s\u00e9rieux et de cr\u00e9dibilit\u00e9.<\/p>\n\n\n\n<figure class=\"wp-block-image size-large\"><img loading=\"lazy\" decoding=\"async\" width=\"1024\" height=\"683\" src=\"https:\/\/www.realisaprint.com\/blog\/wp-content\/uploads\/2025\/09\/patch-brode-personnalise-1024x683.png\" alt=\"\u00e9cusson personnalis\u00e9 pour un agent de s\u00e9curit\u00e9\" class=\"wp-image-15662\" srcset=\"https:\/\/www.realisaprint.com\/blog\/wp-content\/uploads\/2025\/09\/patch-brode-personnalise-1024x683.png 1024w, https:\/\/www.realisaprint.com\/blog\/wp-content\/uploads\/2025\/09\/patch-brode-personnalise-300x200.png 300w, https:\/\/www.realisaprint.com\/blog\/wp-content\/uploads\/2025\/09\/patch-brode-personnalise-768x512.png 768w, https:\/\/www.realisaprint.com\/blog\/wp-content\/uploads\/2025\/09\/patch-brode-personnalise-600x400.png 600w, https:\/\/www.realisaprint.com\/blog\/wp-content\/uploads\/2025\/09\/patch-brode-personnalise-1000x667.png 1000w, https:\/\/www.realisaprint.com\/blog\/wp-content\/uploads\/2025\/09\/patch-brode-personnalise.png 1536w\" sizes=\"auto, (max-width: 1024px) 100vw, 1024px\" \/><\/figure>\n\n\n\n<h4 class=\"wp-block-heading\">Professions lib\u00e9rales : une touche d\u2019image professionnelle<\/h4>\n\n\n\n<p>Les professions lib\u00e9rales, notamment dans le domaine m\u00e9dical et param\u00e9dical, utilisent aussi les <strong>\u00e9cussons personnalis\u00e9s<\/strong>. Les infirmiers, m\u00e9decins ou kin\u00e9sith\u00e9rapeutes peuvent recourir \u00e0 des patchs sublim\u00e9s discrets portant leur nom, leur sp\u00e9cialit\u00e9 ou le logo de leur cabinet.<\/p>\n\n\n\n<p>Au-del\u00e0 de l\u2019aspect esth\u00e9tique, cela renforce la proximit\u00e9 avec les patients et permet une meilleure identification dans un cadre collectif (cliniques, h\u00f4pitaux, maisons de sant\u00e9).<\/p>\n\n\n\n<h4 class=\"wp-block-heading\">Bikers et communaut\u00e9s : un symbole identitaire fort<\/h4>\n\n\n\n<p>Dans l\u2019univers biker, l\u2019<strong>\u00e9cusson personnalis\u00e9<\/strong> est bien plus qu\u2019un simple accessoire textile : il est un v\u00e9ritable marqueur identitaire. Les clubs de motards utilisent les <strong>patchs velcro<\/strong> ou cousus pour repr\u00e9senter leur embl\u00e8me, leurs couleurs ou leur devise.<\/p>\n\n\n\n<p>Ces \u00e9cussons, souvent imposants et travaill\u00e9s, sont port\u00e9s fi\u00e8rement sur les blousons en cuir ou les gilets. Ils deviennent des signes de reconnaissance entre membres, mais aussi des \u00e9l\u00e9ments de communication forts pour affirmer l\u2019appartenance \u00e0 une communaut\u00e9.<\/p>\n\n\n\n<h2 class=\"wp-block-heading\">Impression patch personnalis\u00e9\u00a0: un support adaptable \u00e0 tous les besoins <\/h2>\n\n\n\n<p>Polyvalent, pratique et durable, <a href=\"https:\/\/www.realisaprint.com\/ecusson-unite-en-ligne-r2768.html\">l\u2019<strong>\u00e9cusson personnalisab<\/strong><\/a><strong><a href=\"https:\/\/www.realisaprint.com\/blog\/produits\/ecusson-personnalise-un-objet-publicitaire-efficace-et-durable\/\">le<\/a><\/strong> se distingue comme un support de communication textile adapt\u00e9 \u00e0 une multitude de m\u00e9tiers et de secteurs. Qu\u2019il serve \u00e0 identifier une \u00e9quipe, valoriser une profession, renforcer un sentiment d\u2019appartenance ou promouvoir une image de marque, il r\u00e9pond \u00e0 des besoins vari\u00e9s tout en garantissant un fort impact visuel.<br>De l\u2019arm\u00e9e aux clubs sportifs en passant par les associations ou les professions lib\u00e9rales, son usage est universel et toujours pertinent.<\/p>\n","protected":false},"excerpt":{"rendered":"<p>Dans le domaine de la communication visuelle, le patch personnalis\u00e9 s\u2019impose comme un support incontournable. Plus qu\u2019un simple accessoire textile, il v\u00e9hicule une image, une appartenance et une reconnaissance imm\u00e9diate. Qu\u2019il s\u2019agisse d\u2019un \u00e9cusson thermocollant,&#8230;<\/p>\n","protected":false},"author":2,"featured_media":15660,"comment_status":"open","ping_status":"open","sticky":false,"template":"","format":"standard","meta":{"_acf_changed":false,"_monsterinsights_skip_tracking":false,"_monsterinsights_sitenote_active":false,"_monsterinsights_sitenote_note":"","_monsterinsights_sitenote_category":0,"footnotes":""},"categories":[7],"tags":[],"class_list":["post-15659","post","type-post","status-publish","format-standard","has-post-thumbnail","hentry","category-produits"],"acf":[],"yoast_head":"<!-- This site is optimized with the Yoast SEO plugin v22.7 - https:\/\/yoast.com\/wordpress\/plugins\/seo\/ -->\n<title>Patch personnalis\u00e9 : un support textile adapt\u00e9 \u00e0 tous les m\u00e9tiers | Le Blog Realisaprint<\/title>\n<meta name=\"description\" content=\"D\u00e9couvrez comment le patch personnalis\u00e9 s\u2019adapte \u00e0 chaque secteur : arm\u00e9e, sport, associations, sant\u00e9, bikers\u2026 Un \u00e9cusson pratique et durable.\" \/>\n<meta name=\"robots\" content=\"index, follow, max-snippet:-1, max-image-preview:large, max-video-preview:-1\" \/>\n<link rel=\"canonical\" href=\"https:\/\/www.realisaprint.com\/blog\/produits\/le-patch-personnalise-un-outil-textile-au-service-de-tous-les-metiers-et-secteurs\/\" \/>\n<meta property=\"og:locale\" content=\"fr_FR\" \/>\n<meta property=\"og:type\" content=\"article\" \/>\n<meta property=\"og:title\" content=\"Patch personnalis\u00e9 : un support textile adapt\u00e9 \u00e0 tous les m\u00e9tiers | Le Blog Realisaprint\" \/>\n<meta property=\"og:description\" content=\"D\u00e9couvrez comment le patch personnalis\u00e9 s\u2019adapte \u00e0 chaque secteur : arm\u00e9e, sport, associations, sant\u00e9, bikers\u2026 Un \u00e9cusson pratique et durable.\" \/>\n<meta property=\"og:url\" content=\"https:\/\/www.realisaprint.com\/blog\/produits\/le-patch-personnalise-un-outil-textile-au-service-de-tous-les-metiers-et-secteurs\/\" \/>\n<meta property=\"og:site_name\" content=\"Le Blog Realisaprint\" \/>\n<meta property=\"article:publisher\" content=\"https:\/\/www.facebook.com\/Realisaprint\" \/>\n<meta property=\"article:published_time\" content=\"2025-09-02T12:58:07+00:00\" \/>\n<meta property=\"article:modified_time\" content=\"2025-09-02T12:58:09+00:00\" \/>\n<meta property=\"og:image\" content=\"https:\/\/www.realisaprint.com\/blog\/wp-content\/uploads\/2025\/09\/patch-publicitaire-personnalise-1024x683.png\" \/>\n\t<meta property=\"og:image:width\" content=\"1024\" \/>\n\t<meta property=\"og:image:height\" content=\"683\" \/>\n\t<meta property=\"og:image:type\" content=\"image\/png\" \/>\n<meta name=\"author\" content=\"Lucas A\" \/>\n<meta name=\"twitter:card\" content=\"summary_large_image\" \/>\n<meta name=\"twitter:creator\" content=\"@Realisaprintcom\" \/>\n<meta name=\"twitter:site\" content=\"@Realisaprintcom\" \/>\n<meta name=\"twitter:label1\" content=\"\u00c9crit par\" \/>\n\t<meta name=\"twitter:data1\" content=\"Lucas A\" \/>\n\t<meta name=\"twitter:label2\" content=\"Dur\u00e9e de lecture estim\u00e9e\" \/>\n\t<meta name=\"twitter:data2\" content=\"6 minutes\" \/>\n<script type=\"application\/ld+json\" class=\"yoast-schema-graph\">{\"@context\":\"https:\/\/schema.org\",\"@graph\":[{\"@type\":\"WebPage\",\"@id\":\"https:\/\/www.realisaprint.com\/blog\/produits\/le-patch-personnalise-un-outil-textile-au-service-de-tous-les-metiers-et-secteurs\/\",\"url\":\"https:\/\/www.realisaprint.com\/blog\/produits\/le-patch-personnalise-un-outil-textile-au-service-de-tous-les-metiers-et-secteurs\/\",\"name\":\"Patch personnalis\u00e9 : un support textile adapt\u00e9 \u00e0 tous les m\u00e9tiers | Le Blog Realisaprint\",\"isPartOf\":{\"@id\":\"https:\/\/www.realisaprint.com\/blog\/#website\"},\"primaryImageOfPage\":{\"@id\":\"https:\/\/www.realisaprint.com\/blog\/produits\/le-patch-personnalise-un-outil-textile-au-service-de-tous-les-metiers-et-secteurs\/#primaryimage\"},\"image\":{\"@id\":\"https:\/\/www.realisaprint.com\/blog\/produits\/le-patch-personnalise-un-outil-textile-au-service-de-tous-les-metiers-et-secteurs\/#primaryimage\"},\"thumbnailUrl\":\"https:\/\/www.realisaprint.com\/blog\/wp-content\/uploads\/2025\/09\/patch-publicitaire-personnalise.png\",\"datePublished\":\"2025-09-02T12:58:07+00:00\",\"dateModified\":\"2025-09-02T12:58:09+00:00\",\"author\":{\"@id\":\"https:\/\/www.realisaprint.com\/blog\/#\/schema\/person\/b4f882c4a8ff39dac50f7c1bf805ef36\"},\"description\":\"D\u00e9couvrez comment le patch personnalis\u00e9 s\u2019adapte \u00e0 chaque secteur : arm\u00e9e, sport, associations, sant\u00e9, bikers\u2026 Un \u00e9cusson pratique et durable.\",\"breadcrumb\":{\"@id\":\"https:\/\/www.realisaprint.com\/blog\/produits\/le-patch-personnalise-un-outil-textile-au-service-de-tous-les-metiers-et-secteurs\/#breadcrumb\"},\"inLanguage\":\"fr-FR\",\"potentialAction\":[{\"@type\":\"ReadAction\",\"target\":[\"https:\/\/www.realisaprint.com\/blog\/produits\/le-patch-personnalise-un-outil-textile-au-service-de-tous-les-metiers-et-secteurs\/\"]}]},{\"@type\":\"ImageObject\",\"inLanguage\":\"fr-FR\",\"@id\":\"https:\/\/www.realisaprint.com\/blog\/produits\/le-patch-personnalise-un-outil-textile-au-service-de-tous-les-metiers-et-secteurs\/#primaryimage\",\"url\":\"https:\/\/www.realisaprint.com\/blog\/wp-content\/uploads\/2025\/09\/patch-publicitaire-personnalise.png\",\"contentUrl\":\"https:\/\/www.realisaprint.com\/blog\/wp-content\/uploads\/2025\/09\/patch-publicitaire-personnalise.png\",\"width\":1536,\"height\":1024,\"caption\":\"Le patch personnalis\u00e9 : un outil textile au service de tous les m\u00e9tiers et secteurs\"},{\"@type\":\"BreadcrumbList\",\"@id\":\"https:\/\/www.realisaprint.com\/blog\/produits\/le-patch-personnalise-un-outil-textile-au-service-de-tous-les-metiers-et-secteurs\/#breadcrumb\",\"itemListElement\":[{\"@type\":\"ListItem\",\"position\":1,\"name\":\"Accueil\",\"item\":\"https:\/\/www.realisaprint.com\/blog\/\"},{\"@type\":\"ListItem\",\"position\":2,\"name\":\"Le patch personnalis\u00e9\u00a0: un outil textile au service de tous les m\u00e9tiers et secteurs\"}]},{\"@type\":\"WebSite\",\"@id\":\"https:\/\/www.realisaprint.com\/blog\/#website\",\"url\":\"https:\/\/www.realisaprint.com\/blog\/\",\"name\":\"Le Blog Realisaprint\",\"description\":\"\",\"potentialAction\":[{\"@type\":\"SearchAction\",\"target\":{\"@type\":\"EntryPoint\",\"urlTemplate\":\"https:\/\/www.realisaprint.com\/blog\/?s={search_term_string}\"},\"query-input\":\"required name=search_term_string\"}],\"inLanguage\":\"fr-FR\"},{\"@type\":\"Person\",\"@id\":\"https:\/\/www.realisaprint.com\/blog\/#\/schema\/person\/b4f882c4a8ff39dac50f7c1bf805ef36\",\"name\":\"Lucas A\",\"image\":{\"@type\":\"ImageObject\",\"inLanguage\":\"fr-FR\",\"@id\":\"https:\/\/www.realisaprint.com\/blog\/#\/schema\/person\/image\/\",\"url\":\"https:\/\/secure.gravatar.com\/avatar\/37537aa0cc92014913687d11fed89d0aec4198c1ea7f79e31c816d64c3437252?s=96&d=mm&r=g\",\"contentUrl\":\"https:\/\/secure.gravatar.com\/avatar\/37537aa0cc92014913687d11fed89d0aec4198c1ea7f79e31c816d64c3437252?s=96&d=mm&r=g\",\"caption\":\"Lucas A\"}}]}<\/script>\n<!-- \/ Yoast SEO plugin. -->","yoast_head_json":{"title":"Patch personnalis\u00e9 : un support textile adapt\u00e9 \u00e0 tous les m\u00e9tiers | Le Blog Realisaprint","description":"D\u00e9couvrez comment le patch personnalis\u00e9 s\u2019adapte \u00e0 chaque secteur : arm\u00e9e, sport, associations, sant\u00e9, bikers\u2026 Un \u00e9cusson pratique et durable.","robots":{"index":"index","follow":"follow","max-snippet":"max-snippet:-1","max-image-preview":"max-image-preview:large","max-video-preview":"max-video-preview:-1"},"canonical":"https:\/\/www.realisaprint.com\/blog\/produits\/le-patch-personnalise-un-outil-textile-au-service-de-tous-les-metiers-et-secteurs\/","og_locale":"fr_FR","og_type":"article","og_title":"Patch personnalis\u00e9 : un support textile adapt\u00e9 \u00e0 tous les m\u00e9tiers | Le Blog Realisaprint","og_description":"D\u00e9couvrez comment le patch personnalis\u00e9 s\u2019adapte \u00e0 chaque secteur : arm\u00e9e, sport, associations, sant\u00e9, bikers\u2026 Un \u00e9cusson pratique et durable.","og_url":"https:\/\/www.realisaprint.com\/blog\/produits\/le-patch-personnalise-un-outil-textile-au-service-de-tous-les-metiers-et-secteurs\/","og_site_name":"Le Blog Realisaprint","article_publisher":"https:\/\/www.facebook.com\/Realisaprint","article_published_time":"2025-09-02T12:58:07+00:00","article_modified_time":"2025-09-02T12:58:09+00:00","og_image":[{"width":1024,"height":683,"url":"https:\/\/www.realisaprint.com\/blog\/wp-content\/uploads\/2025\/09\/patch-publicitaire-personnalise-1024x683.png","type":"image\/png"}],"author":"Lucas A","twitter_card":"summary_large_image","twitter_creator":"@Realisaprintcom","twitter_site":"@Realisaprintcom","twitter_misc":{"\u00c9crit par":"Lucas A","Dur\u00e9e de lecture estim\u00e9e":"6 minutes"},"schema":{"@context":"https:\/\/schema.org","@graph":[{"@type":"WebPage","@id":"https:\/\/www.realisaprint.com\/blog\/produits\/le-patch-personnalise-un-outil-textile-au-service-de-tous-les-metiers-et-secteurs\/","url":"https:\/\/www.realisaprint.com\/blog\/produits\/le-patch-personnalise-un-outil-textile-au-service-de-tous-les-metiers-et-secteurs\/","name":"Patch personnalis\u00e9 : un support textile adapt\u00e9 \u00e0 tous les m\u00e9tiers | Le Blog Realisaprint","isPartOf":{"@id":"https:\/\/www.realisaprint.com\/blog\/#website"},"primaryImageOfPage":{"@id":"https:\/\/www.realisaprint.com\/blog\/produits\/le-patch-personnalise-un-outil-textile-au-service-de-tous-les-metiers-et-secteurs\/#primaryimage"},"image":{"@id":"https:\/\/www.realisaprint.com\/blog\/produits\/le-patch-personnalise-un-outil-textile-au-service-de-tous-les-metiers-et-secteurs\/#primaryimage"},"thumbnailUrl":"https:\/\/www.realisaprint.com\/blog\/wp-content\/uploads\/2025\/09\/patch-publicitaire-personnalise.png","datePublished":"2025-09-02T12:58:07+00:00","dateModified":"2025-09-02T12:58:09+00:00","author":{"@id":"https:\/\/www.realisaprint.com\/blog\/#\/schema\/person\/b4f882c4a8ff39dac50f7c1bf805ef36"},"description":"D\u00e9couvrez comment le patch personnalis\u00e9 s\u2019adapte \u00e0 chaque secteur : arm\u00e9e, sport, associations, sant\u00e9, bikers\u2026 Un \u00e9cusson pratique et durable.","breadcrumb":{"@id":"https:\/\/www.realisaprint.com\/blog\/produits\/le-patch-personnalise-un-outil-textile-au-service-de-tous-les-metiers-et-secteurs\/#breadcrumb"},"inLanguage":"fr-FR","potentialAction":[{"@type":"ReadAction","target":["https:\/\/www.realisaprint.com\/blog\/produits\/le-patch-personnalise-un-outil-textile-au-service-de-tous-les-metiers-et-secteurs\/"]}]},{"@type":"ImageObject","inLanguage":"fr-FR","@id":"https:\/\/www.realisaprint.com\/blog\/produits\/le-patch-personnalise-un-outil-textile-au-service-de-tous-les-metiers-et-secteurs\/#primaryimage","url":"https:\/\/www.realisaprint.com\/blog\/wp-content\/uploads\/2025\/09\/patch-publicitaire-personnalise.png","contentUrl":"https:\/\/www.realisaprint.com\/blog\/wp-content\/uploads\/2025\/09\/patch-publicitaire-personnalise.png","width":1536,"height":1024,"caption":"Le patch personnalis\u00e9 : un outil textile au service de tous les m\u00e9tiers et secteurs"},{"@type":"BreadcrumbList","@id":"https:\/\/www.realisaprint.com\/blog\/produits\/le-patch-personnalise-un-outil-textile-au-service-de-tous-les-metiers-et-secteurs\/#breadcrumb","itemListElement":[{"@type":"ListItem","position":1,"name":"Accueil","item":"https:\/\/www.realisaprint.com\/blog\/"},{"@type":"ListItem","position":2,"name":"Le patch personnalis\u00e9\u00a0: un outil textile au service de tous les m\u00e9tiers et secteurs"}]},{"@type":"WebSite","@id":"https:\/\/www.realisaprint.com\/blog\/#website","url":"https:\/\/www.realisaprint.com\/blog\/","name":"Le Blog Realisaprint","description":"","potentialAction":[{"@type":"SearchAction","target":{"@type":"EntryPoint","urlTemplate":"https:\/\/www.realisaprint.com\/blog\/?s={search_term_string}"},"query-input":"required name=search_term_string"}],"inLanguage":"fr-FR"},{"@type":"Person","@id":"https:\/\/www.realisaprint.com\/blog\/#\/schema\/person\/b4f882c4a8ff39dac50f7c1bf805ef36","name":"Lucas A","image":{"@type":"ImageObject","inLanguage":"fr-FR","@id":"https:\/\/www.realisaprint.com\/blog\/#\/schema\/person\/image\/","url":"https:\/\/secure.gravatar.com\/avatar\/37537aa0cc92014913687d11fed89d0aec4198c1ea7f79e31c816d64c3437252?s=96&d=mm&r=g","contentUrl":"https:\/\/secure.gravatar.com\/avatar\/37537aa0cc92014913687d11fed89d0aec4198c1ea7f79e31c816d64c3437252?s=96&d=mm&r=g","caption":"Lucas A"}}]}},"_links":{"self":[{"href":"https:\/\/www.realisaprint.com\/blog\/wp-json\/wp\/v2\/posts\/15659","targetHints":{"allow":["GET"]}}],"collection":[{"href":"https:\/\/www.realisaprint.com\/blog\/wp-json\/wp\/v2\/posts"}],"about":[{"href":"https:\/\/www.realisaprint.com\/blog\/wp-json\/wp\/v2\/types\/post"}],"author":[{"embeddable":true,"href":"https:\/\/www.realisaprint.com\/blog\/wp-json\/wp\/v2\/users\/2"}],"replies":[{"embeddable":true,"href":"https:\/\/www.realisaprint.com\/blog\/wp-json\/wp\/v2\/comments?post=15659"}],"version-history":[{"count":1,"href":"https:\/\/www.realisaprint.com\/blog\/wp-json\/wp\/v2\/posts\/15659\/revisions"}],"predecessor-version":[{"id":15663,"href":"https:\/\/www.realisaprint.com\/blog\/wp-json\/wp\/v2\/posts\/15659\/revisions\/15663"}],"wp:featuredmedia":[{"embeddable":true,"href":"https:\/\/www.realisaprint.com\/blog\/wp-json\/wp\/v2\/media\/15660"}],"wp:attachment":[{"href":"https:\/\/www.realisaprint.com\/blog\/wp-json\/wp\/v2\/media?parent=15659"}],"wp:term":[{"taxonomy":"category","embeddable":true,"href":"https:\/\/www.realisaprint.com\/blog\/wp-json\/wp\/v2\/categories?post=15659"},{"taxonomy":"post_tag","embeddable":true,"href":"https:\/\/www.realisaprint.com\/blog\/wp-json\/wp\/v2\/tags?post=15659"}],"curies":[{"name":"wp","href":"https:\/\/api.w.org\/{rel}","templated":true}]}}