{"id":15836,"date":"2026-01-22T10:34:15","date_gmt":"2026-01-22T09:34:15","guid":{"rendered":"https:\/\/www.realisaprint.com\/blog\/?p=15836"},"modified":"2026-01-28T10:34:37","modified_gmt":"2026-01-28T09:34:37","slug":"decouvrez-le-calendrier-des-salons-2026-des-arts-graphiques","status":"publish","type":"post","link":"https:\/\/www.realisaprint.com\/blog\/actualite\/decouvrez-le-calendrier-des-salons-2026-des-arts-graphiques\/","title":{"rendered":"D\u00e9couvrez le calendrier des salons 2026 des arts graphiques"},"content":{"rendered":"\n<p>Qui dit nouvelle ann\u00e9e, dit nouveau calendrier des salons 2026 du secteur des arts graphiques. Toute l\u2019\u00e9quipe de <a href=\"https:\/\/www.realisaprint.com\/\">Realisaprint.com<\/a> est pr\u00eate et heureuse de repartir sur les routes afin de vous rencontrer. D\u00e9couvrez d\u00e8s maintenant toutes les dates des salons professionnelles 2026\u00a0!<\/p>\n\n\n\n<!--more-->\n\n\n\n<h2 class=\"wp-block-heading\">Le salon de l\u2019objet, textile et print&nbsp;(Les Journ\u00e9es OTP)<\/h2>\n\n\n\n<p>V\u00e9ritable rendez-vous incontournable du secteur de l\u2019imprimerie et des arts graphiques, <a href=\"https:\/\/www.eventsotp.com\/\">les journ\u00e9es OT<\/a>P reviennent en 2026 pour une nouvelle tourn\u00e9e \u00e0 travers la France, la Belgique et la Suisse. Pens\u00e9e comme un roadshow au plus pr\u00e8s des professionnels, cette tourn\u00e9e est l\u2019occasion id\u00e9ale de se retrouver, d\u2019\u00e9changer autour des tendances du march\u00e9 et de d\u00e9couvrir les derni\u00e8res innovations en mati\u00e8re d\u2019objet, de textile et de print publicitaire.<\/p>\n\n\n\n<p>Au programme : rencontres, nouveaut\u00e9s produits, opportunit\u00e9s commerciales et moments de partage dans une ambiance conviviale et stimulante. Pour cette nouvelle \u00e9dition, la tourn\u00e9e OTP fera \u00e9tape dans plusieurs grandes villes. Retrouvez-nous pr\u00e8s de chez vous aux dates suivantes :<\/p>\n\n\n\n<div class=\"wp-block-media-text is-stacked-on-mobile\"><figure class=\"wp-block-media-text__media\"><img loading=\"lazy\" decoding=\"async\" width=\"500\" height=\"166\" src=\"https:\/\/www.realisaprint.com\/blog\/wp-content\/uploads\/2025\/01\/OTP.png\" alt=\"\" class=\"wp-image-15362 size-full\" srcset=\"https:\/\/www.realisaprint.com\/blog\/wp-content\/uploads\/2025\/01\/OTP.png 500w, https:\/\/www.realisaprint.com\/blog\/wp-content\/uploads\/2025\/01\/OTP-300x100.png 300w\" sizes=\"auto, (max-width: 500px) 100vw, 500px\" \/><\/figure><div class=\"wp-block-media-text__content\">\n<ul class=\"wp-block-list\">\n<li><strong>Lille : le 15 janvier<\/strong><\/li>\n\n\n\n<li><strong>Paris : le 22 janvier<\/strong><\/li>\n\n\n\n<li><strong>Toulouse : le 17 f\u00e9vrier<\/strong><\/li>\n\n\n\n<li><strong>Nantes : le 3 mars<\/strong><\/li>\n\n\n\n<li><strong>Deauville : le 10 mars<\/strong><\/li>\n\n\n\n<li><strong>Namur : le 17 mars<\/strong><\/li>\n\n\n\n<li><strong>Nice : le 24 mars<\/strong><\/li>\n\n\n\n<li><strong>Lausanne : le 31 mars<\/strong><\/li>\n<\/ul>\n<\/div><\/div>\n\n\n\n<p>Ne manquez pas ce rendez-vous majeur pour booster vos projets et pr\u00e9parer l\u2019ann\u00e9e avec un temps d\u2019avance.<\/p>\n\n\n\n<h2 class=\"wp-block-heading\">EMPACK 2026 : le rendez-vous incontournable de l\u2019emballage en Suisse<\/h2>\n\n\n\n<p>D\u00e9couvrez les derni\u00e8res innovations et les solutions d\u2019emballage qui fa\u00e7onnent l\u2019industrie de demain.<\/p>\n\n\n\n<p>Les <strong>28 et 29 janvier 2026<\/strong>, le salon <strong>EMPACK<\/strong> revient \u00e0 <strong>Bernexpo<\/strong> pour rassembler tous les acteurs majeurs du packaging en Suisse. V\u00e9ritable plateforme d\u2019\u00e9changes et d\u2019opportunit\u00e9s, cet \u00e9v\u00e9nement unique met en lumi\u00e8re les d\u00e9veloppements les plus r\u00e9cents du secteur, de la conception cr\u00e9ative aux technologies de remplissage et de conditionnement.<\/p>\n\n\n\n<p>EMPACK est aujourd\u2019hui le plus grand salon de l\u2019emballage en Suisse. C\u2019est l\u2019occasion id\u00e9ale de rencontrer des d\u00e9cideurs nationaux et internationaux, de pr\u00e9senter vos innovations, de d\u00e9couvrir de nouveaux produits et de construire des projets d\u2019investissement ambitieux.<\/p>\n\n\n\n<p>Deux jours pour s\u2019inspirer, anticiper les tendances du march\u00e9 et acc\u00e9l\u00e9rer vos futurs d\u00e9veloppements.<\/p>\n\n\n\n<h2 class=\"wp-block-heading\">Salon C!Print : le plus grand \u00e9v\u00e9nement des arts graphiques<\/h2>\n\n\n\n<p>Du <strong>3 au 5 f\u00e9vrier 2026<\/strong>, cap sur <strong>Lyon<\/strong> et plus pr\u00e9cis\u00e9ment <strong>Eurexpo<\/strong>, pour une nouvelle \u00e9dition du <a href=\"https:\/\/www.salon-cprint.com\/fr\">salon <strong>C!Print<\/strong><\/a> ! C&rsquo;est l\u2019\u00e9v\u00e9nement de r\u00e9f\u00e9rence pour tous les professionnels des arts graphiques et de l\u2019impression.<\/p>\n\n\n\n<p>Chaque ann\u00e9e, C!Print s\u2019impose comme un temps fort du secteur, r\u00e9unissant les acteurs majeurs du march\u00e9 autour des derni\u00e8res tendances, des technologies innovantes et des nouveaux produits personnalisables.<br>C\u2019est l\u2019occasion id\u00e9ale pour anticiper les \u00e9volutions de demain, d\u00e9velopper votre r\u00e9seau et d\u00e9couvrir les solutions qui feront la diff\u00e9rence.<\/p>\n\n\n\n<p><strong>Au programme de cette \u00e9dition 2026 :<\/strong><\/p>\n\n\n\n<ul class=\"wp-block-list\">\n<li><strong>250 exposants<\/strong> pr\u00e9sentant leur vision du march\u00e9<\/li>\n\n\n\n<li><strong>50 conf\u00e9rences, ateliers et tables rondes<\/strong><\/li>\n\n\n\n<li><strong>100 intervenants<\/strong> experts du secteur<\/li>\n\n\n\n<li>Plus de <strong>14 700 visiteurs<\/strong> attendus sur 3 jours<\/li>\n<\/ul>\n\n\n\n<p>Quel que soit votre domaine d\u2019activit\u00e9, C!Print est le rendez-vous \u00e0 ne pas manquer pour d\u00e9marrer l\u2019ann\u00e9e avec un temps d\u2019avance. Cochez la date sur le calendrier des salons 2026 !<\/p>\n\n\n\n<figure class=\"wp-block-image size-full\"><img loading=\"lazy\" decoding=\"async\" width=\"800\" height=\"533\" src=\"https:\/\/www.realisaprint.com\/blog\/wp-content\/uploads\/2026\/01\/cprint-ctco.png\" alt=\"Cprint et CTCO : les plus grands salons 2026\" class=\"wp-image-15837\" srcset=\"https:\/\/www.realisaprint.com\/blog\/wp-content\/uploads\/2026\/01\/cprint-ctco.png 800w, https:\/\/www.realisaprint.com\/blog\/wp-content\/uploads\/2026\/01\/cprint-ctco-300x200.png 300w, https:\/\/www.realisaprint.com\/blog\/wp-content\/uploads\/2026\/01\/cprint-ctco-768x512.png 768w, https:\/\/www.realisaprint.com\/blog\/wp-content\/uploads\/2026\/01\/cprint-ctco-600x400.png 600w\" sizes=\"auto, (max-width: 800px) 100vw, 800px\" \/><\/figure>\n\n\n\n<h2 class=\"wp-block-heading\">CTCO 2026 : l\u2019\u00e9v\u00e9nement phare de l\u2019objet publicitaire et du textile<\/h2>\n\n\n\n<p>Organis\u00e9 aux m\u00eames dates, le salon <strong>CTCO<\/strong> est le rendez-vous incontournable d\u00e9di\u00e9 \u00e0 l\u2019objet promotionnel et au textile personnalis\u00e9.<\/p>\n\n\n\n<p>CTCO rassemble l\u2019ensemble des revendeurs, distributeurs et professionnels du marquage. Ce salon offre une vision compl\u00e8te des tendances et innovations qui dynamisent la communication par l\u2019objet et le textile.<\/p>\n\n\n\n<p>Pendant trois jours, le salon devient un v\u00e9ritable carrefour d\u2019\u00e9changes et d\u2019opportunit\u00e9s pour d\u00e9couvrir de nouveaux partenaires, explorer les nouveaut\u00e9s du march\u00e9 et s\u2019inspirer des meilleures pratiques du secteur.<\/p>\n\n\n\n<p>Ce qui vous attend en 2026 :<\/p>\n\n\n\n<ul class=\"wp-block-list\">\n<li>Pr\u00e8s de <strong>300 exposants<\/strong>, dont <strong>50 % internationaux<\/strong><\/li>\n\n\n\n<li>Des animations et temps forts tout au long de l\u2019\u00e9v\u00e9nement<\/li>\n\n\n\n<li>Les derni\u00e8res innovations en mati\u00e8re de produits promotionnels et textile<\/li>\n<\/ul>\n\n\n\n<h2 class=\"wp-block-heading\">Fespa Global Print Expo&nbsp;: un grand rendez-vous europ\u00e9en<\/h2>\n\n\n\n<p>Le <strong>FESPA Global Print Expo<\/strong>, salon europ\u00e9en de r\u00e9f\u00e9rence d\u00e9di\u00e9 \u00e0 l\u2019impression num\u00e9rique grand format, \u00e0 la s\u00e9rigraphie et aux technologies textiles, fera son grand retour \u00e0 <strong>Barcelone<\/strong> pour la premi\u00e8re fois depuis 2012. Du <strong>19 au 22 mai 2026<\/strong>, les professionnels du print se retrouveront \u00e0 <strong>Fira de Barcelona<\/strong>, en Espagne, pour quatre jours plac\u00e9s sous le signe de l\u2019innovation, de la performance et des nouvelles perspectives de march\u00e9.<\/p>\n\n\n\n<p>Cet \u00e9v\u00e9nement incontournable sera organis\u00e9 aux c\u00f4t\u00e9s de plusieurs salons majeurs :<\/p>\n\n\n\n<ul class=\"wp-block-list\">\n<li><strong>European Sign Expo<\/strong><\/li>\n\n\n\n<li><strong>Personalisation Experience<\/strong><\/li>\n\n\n\n<li><strong>Sportswear Pro<\/strong> (pour sa deuxi\u00e8me \u00e9dition)<\/li>\n<\/ul>\n\n\n\n<p>Une occasion unique de d\u00e9couvrir l\u2019ensemble des tendances qui fa\u00e7onnent l\u2019avenir de l\u2019impression, de la signal\u00e9tique et de la personnalisation.<\/p>\n\n\n\n<h4 class=\"wp-block-heading\">Un \u00e9v\u00e9nement international au c\u0153ur des innovations<\/h4>\n\n\n\n<p>Avec plus de <strong>550 exposants<\/strong> et plus de <strong>14 000 visiteurs internationaux<\/strong>, FESPA 2026 s\u2019impose comme une plateforme essentielle pour explorer les solutions les plus avanc\u00e9es en mati\u00e8re :<\/p>\n\n\n\n<ul class=\"wp-block-list\">\n<li>D\u2019impression grand format et num\u00e9rique<\/li>\n\n\n\n<li>De s\u00e9rigraphie<\/li>\n\n\n\n<li>D\u2019impression textile<\/li>\n\n\n\n<li>De personnalisation<\/li>\n\n\n\n<li>De signalisation<\/li>\n\n\n\n<li>De technologies durables et automatis\u00e9es<\/li>\n<\/ul>\n\n\n\n<p>L\u2019\u00e9v\u00e9nement proposera \u00e9galement des <strong>lancements de produits<\/strong>, des <strong>d\u00e9monstrations en direct<\/strong>, des <strong>conf\u00e9rences d\u2019experts<\/strong> et des temps forts incontournables comme :<\/p>\n\n\n\n<ul class=\"wp-block-list\">\n<li>Le concours <strong>World Wrap Masters<\/strong><\/li>\n\n\n\n<li>Le <strong>Club FESPA<\/strong><\/li>\n<\/ul>\n\n\n\n<h2 class=\"wp-block-heading\">Premium Sourcing 2026 : le rendez-vous de la rentr\u00e9e pour le textile promotionnel et l\u2019objet publicitaire<\/h2>\n\n\n\n<p>Le <a href=\"https:\/\/www.premium-sourcing.fr\/\">salon <strong>Premium Sourcing<\/strong><\/a> revient en 2026 dans un cadre prestigieux, au c\u0153ur de Paris.<br>Rendez-vous les <strong>2 et 3 septembre 2026<\/strong> au <strong>Carrousel du Louvre<\/strong>, pour d\u00e9couvrir les nouvelles collections de textile promotionnel et les derni\u00e8res tendances en mati\u00e8re d\u2019objets publicitaires. V\u00e9ritable \u00e9v\u00e9nement de r\u00e9f\u00e9rence pour pr\u00e9parer la fin d\u2019ann\u00e9e, Premium Sourcing accompagne les professionnels dans le d\u00e9veloppement de leur activit\u00e9 en proposant une s\u00e9lection pointue de produits, des \u00e9changes privil\u00e9gi\u00e9s et une vision tourn\u00e9e vers les collections de demain.<\/p>\n\n\n\n<p>Au programme de l\u2019\u00e9v\u00e9nement&nbsp;:<\/p>\n\n\n\n<ul class=\"wp-block-list\">\n<li>Des rencontres professionnelles dans une ambiance chaleureuse<\/li>\n\n\n\n<li>Une nouvelle approche des gammes et des produits<\/li>\n\n\n\n<li>Des conf\u00e9rences d\u00e9di\u00e9es aux tendances du march\u00e9<\/li>\n\n\n\n<li>Les nouveaut\u00e9s cl\u00e9s pour la fin d\u2019ann\u00e9e<\/li>\n\n\n\n<li>Des \u00e9changes autour du cadeau d\u2019affaires et des opportunit\u00e9s commerciales<\/li>\n<\/ul>\n\n\n\n<p>Avec plus de <strong>120 exposants<\/strong>, le salon s\u2019impose comme un rendez-vous strat\u00e9gique pour anticiper les attentes clients et enrichir votre offre.<\/p>\n\n\n\n<figure class=\"wp-block-image size-large\"><img loading=\"lazy\" decoding=\"async\" width=\"1024\" height=\"325\" src=\"https:\/\/www.realisaprint.com\/blog\/wp-content\/uploads\/2026\/01\/premium-sourcing-1024x325.png\" alt=\"Salons 2026 : Premium Sourcing \u00e0 Paris au Carrousel du Louvre\" class=\"wp-image-15838\" srcset=\"https:\/\/www.realisaprint.com\/blog\/wp-content\/uploads\/2026\/01\/premium-sourcing-1024x325.png 1024w, https:\/\/www.realisaprint.com\/blog\/wp-content\/uploads\/2026\/01\/premium-sourcing-300x95.png 300w, https:\/\/www.realisaprint.com\/blog\/wp-content\/uploads\/2026\/01\/premium-sourcing-768x244.png 768w, https:\/\/www.realisaprint.com\/blog\/wp-content\/uploads\/2026\/01\/premium-sourcing-1536x488.png 1536w, https:\/\/www.realisaprint.com\/blog\/wp-content\/uploads\/2026\/01\/premium-sourcing.png 1792w\" sizes=\"auto, (max-width: 1024px) 100vw, 1024px\" \/><\/figure>\n\n\n\n<h2 class=\"wp-block-heading\">AllForPackParis 2026<\/h2>\n\n\n\n<p>Cr\u00e9\u00e9 en <strong>1947<\/strong>, <strong>AllForPack Paris<\/strong> s\u2019impose comme l\u2019un des salons incontournables d\u00e9di\u00e9s \u00e0 l\u2019emballage, \u00e0 l\u2019impression, aux proc\u00e9d\u00e9s de production et \u00e0 la logistique. V\u00e9ritable carrefour de la fili\u00e8re, il r\u00e9unit l\u2019ensemble des m\u00e9tiers de la cha\u00eene, des fabricants d\u2019\u00e9quipements aux prestataires de services, en passant par les experts des solutions innovantes. En <strong>2026<\/strong>, le salon fera son grand retour \u00e0 <strong>Villepinte<\/strong> pour une \u00e9dition de trois jours (24 au 26 novembre), avec une offre \u00e9largie rassemblant encore davantage d\u2019exposants et de marques internationales. Une occasion unique de d\u00e9couvrir les technologies de demain, d\u2019anticiper les \u00e9volutions du march\u00e9 et de construire de nouvelles opportunit\u00e9s de d\u00e9veloppement.<\/p>\n\n\n\n<p>Lors de la derni\u00e8re \u00e9dition en 2024, pr\u00e8s de <strong>27 000 professionnels<\/strong> ont parcouru les all\u00e9es du salon, tandis qu\u2019environ <strong>1 000 exposants<\/strong> y ont pr\u00e9sent\u00e9 leurs solutions et innovations. AllForPack Paris 2026 confirme ainsi sa place de plateforme essentielle pour tous les acteurs \u00e0 la recherche des derni\u00e8res tendances en mati\u00e8re de packaging, d\u2019automatisation, de durabilit\u00e9 et de performance industrielle.<\/p>\n\n\n","protected":false},"excerpt":{"rendered":"<p>Qui dit nouvelle ann\u00e9e, dit nouveau calendrier des salons 2026 du secteur des arts graphiques. Toute l\u2019\u00e9quipe de Realisaprint.com est pr\u00eate et heureuse de repartir sur les routes afin de vous rencontrer. D\u00e9couvrez d\u00e8s maintenant&#8230;<\/p>\n","protected":false},"author":2,"featured_media":15839,"comment_status":"open","ping_status":"open","sticky":false,"template":"","format":"standard","meta":{"_acf_changed":false,"_monsterinsights_skip_tracking":false,"_monsterinsights_sitenote_active":false,"_monsterinsights_sitenote_note":"","_monsterinsights_sitenote_category":0,"footnotes":""},"categories":[13],"tags":[],"class_list":["post-15836","post","type-post","status-publish","format-standard","has-post-thumbnail","hentry","category-actualite"],"acf":[],"yoast_head":"<!-- This site is optimized with the Yoast SEO plugin v22.7 - https:\/\/yoast.com\/wordpress\/plugins\/seo\/ -->\n<title>Salons 2026 : D\u00e9couvrez le calendrier officiel | Le Blog Realisaprint<\/title>\n<meta name=\"description\" content=\"D\u00e9couvrez le calendrier officiel des salons 2026 du secteurs des arts graphiques o\u00f9 vous pourrez nous retrouver !\" \/>\n<meta name=\"robots\" content=\"index, follow, max-snippet:-1, max-image-preview:large, max-video-preview:-1\" \/>\n<link rel=\"canonical\" href=\"https:\/\/www.realisaprint.com\/blog\/actualite\/decouvrez-le-calendrier-des-salons-2026-des-arts-graphiques\/\" \/>\n<meta property=\"og:locale\" content=\"fr_FR\" \/>\n<meta property=\"og:type\" content=\"article\" \/>\n<meta property=\"og:title\" content=\"Salons 2026 : D\u00e9couvrez le calendrier officiel | Le Blog Realisaprint\" \/>\n<meta property=\"og:description\" content=\"D\u00e9couvrez le calendrier officiel des salons 2026 du secteurs des arts graphiques o\u00f9 vous pourrez nous retrouver !\" \/>\n<meta property=\"og:url\" content=\"https:\/\/www.realisaprint.com\/blog\/actualite\/decouvrez-le-calendrier-des-salons-2026-des-arts-graphiques\/\" \/>\n<meta property=\"og:site_name\" content=\"Le Blog Realisaprint\" \/>\n<meta property=\"article:publisher\" content=\"https:\/\/www.facebook.com\/Realisaprint\" \/>\n<meta property=\"article:published_time\" content=\"2026-01-22T09:34:15+00:00\" \/>\n<meta property=\"article:modified_time\" content=\"2026-01-28T09:34:37+00:00\" \/>\n<meta property=\"og:image\" content=\"https:\/\/www.realisaprint.com\/blog\/wp-content\/uploads\/2026\/01\/salon-2026.png\" \/>\n\t<meta property=\"og:image:width\" content=\"800\" \/>\n\t<meta property=\"og:image:height\" content=\"533\" \/>\n\t<meta property=\"og:image:type\" content=\"image\/png\" \/>\n<meta name=\"author\" content=\"Lucas A\" \/>\n<meta name=\"twitter:card\" content=\"summary_large_image\" \/>\n<meta name=\"twitter:creator\" content=\"@Realisaprintcom\" \/>\n<meta name=\"twitter:site\" content=\"@Realisaprintcom\" \/>\n<meta name=\"twitter:label1\" content=\"\u00c9crit par\" \/>\n\t<meta name=\"twitter:data1\" content=\"Lucas A\" \/>\n\t<meta name=\"twitter:label2\" content=\"Dur\u00e9e de lecture estim\u00e9e\" \/>\n\t<meta name=\"twitter:data2\" content=\"7 minutes\" \/>\n<script type=\"application\/ld+json\" class=\"yoast-schema-graph\">{\"@context\":\"https:\/\/schema.org\",\"@graph\":[{\"@type\":\"WebPage\",\"@id\":\"https:\/\/www.realisaprint.com\/blog\/actualite\/decouvrez-le-calendrier-des-salons-2026-des-arts-graphiques\/\",\"url\":\"https:\/\/www.realisaprint.com\/blog\/actualite\/decouvrez-le-calendrier-des-salons-2026-des-arts-graphiques\/\",\"name\":\"Salons 2026 : D\u00e9couvrez le calendrier officiel | Le Blog Realisaprint\",\"isPartOf\":{\"@id\":\"https:\/\/www.realisaprint.com\/blog\/#website\"},\"primaryImageOfPage\":{\"@id\":\"https:\/\/www.realisaprint.com\/blog\/actualite\/decouvrez-le-calendrier-des-salons-2026-des-arts-graphiques\/#primaryimage\"},\"image\":{\"@id\":\"https:\/\/www.realisaprint.com\/blog\/actualite\/decouvrez-le-calendrier-des-salons-2026-des-arts-graphiques\/#primaryimage\"},\"thumbnailUrl\":\"https:\/\/www.realisaprint.com\/blog\/wp-content\/uploads\/2026\/01\/salon-2026.png\",\"datePublished\":\"2026-01-22T09:34:15+00:00\",\"dateModified\":\"2026-01-28T09:34:37+00:00\",\"author\":{\"@id\":\"https:\/\/www.realisaprint.com\/blog\/#\/schema\/person\/b4f882c4a8ff39dac50f7c1bf805ef36\"},\"description\":\"D\u00e9couvrez le calendrier officiel des salons 2026 du secteurs des arts graphiques o\u00f9 vous pourrez nous retrouver !\",\"breadcrumb\":{\"@id\":\"https:\/\/www.realisaprint.com\/blog\/actualite\/decouvrez-le-calendrier-des-salons-2026-des-arts-graphiques\/#breadcrumb\"},\"inLanguage\":\"fr-FR\",\"potentialAction\":[{\"@type\":\"ReadAction\",\"target\":[\"https:\/\/www.realisaprint.com\/blog\/actualite\/decouvrez-le-calendrier-des-salons-2026-des-arts-graphiques\/\"]}]},{\"@type\":\"ImageObject\",\"inLanguage\":\"fr-FR\",\"@id\":\"https:\/\/www.realisaprint.com\/blog\/actualite\/decouvrez-le-calendrier-des-salons-2026-des-arts-graphiques\/#primaryimage\",\"url\":\"https:\/\/www.realisaprint.com\/blog\/wp-content\/uploads\/2026\/01\/salon-2026.png\",\"contentUrl\":\"https:\/\/www.realisaprint.com\/blog\/wp-content\/uploads\/2026\/01\/salon-2026.png\",\"width\":800,\"height\":533,\"caption\":\"Calendrier des salons 2026 des arts graphiques\"},{\"@type\":\"BreadcrumbList\",\"@id\":\"https:\/\/www.realisaprint.com\/blog\/actualite\/decouvrez-le-calendrier-des-salons-2026-des-arts-graphiques\/#breadcrumb\",\"itemListElement\":[{\"@type\":\"ListItem\",\"position\":1,\"name\":\"Accueil\",\"item\":\"https:\/\/www.realisaprint.com\/blog\/\"},{\"@type\":\"ListItem\",\"position\":2,\"name\":\"D\u00e9couvrez le calendrier des salons 2026 des arts graphiques\"}]},{\"@type\":\"WebSite\",\"@id\":\"https:\/\/www.realisaprint.com\/blog\/#website\",\"url\":\"https:\/\/www.realisaprint.com\/blog\/\",\"name\":\"Le Blog Realisaprint\",\"description\":\"\",\"potentialAction\":[{\"@type\":\"SearchAction\",\"target\":{\"@type\":\"EntryPoint\",\"urlTemplate\":\"https:\/\/www.realisaprint.com\/blog\/?s={search_term_string}\"},\"query-input\":\"required name=search_term_string\"}],\"inLanguage\":\"fr-FR\"},{\"@type\":\"Person\",\"@id\":\"https:\/\/www.realisaprint.com\/blog\/#\/schema\/person\/b4f882c4a8ff39dac50f7c1bf805ef36\",\"name\":\"Lucas A\",\"image\":{\"@type\":\"ImageObject\",\"inLanguage\":\"fr-FR\",\"@id\":\"https:\/\/www.realisaprint.com\/blog\/#\/schema\/person\/image\/\",\"url\":\"https:\/\/secure.gravatar.com\/avatar\/37537aa0cc92014913687d11fed89d0aec4198c1ea7f79e31c816d64c3437252?s=96&d=mm&r=g\",\"contentUrl\":\"https:\/\/secure.gravatar.com\/avatar\/37537aa0cc92014913687d11fed89d0aec4198c1ea7f79e31c816d64c3437252?s=96&d=mm&r=g\",\"caption\":\"Lucas A\"}}]}<\/script>\n<!-- \/ Yoast SEO plugin. -->","yoast_head_json":{"title":"Salons 2026 : D\u00e9couvrez le calendrier officiel | Le Blog Realisaprint","description":"D\u00e9couvrez le calendrier officiel des salons 2026 du secteurs des arts graphiques o\u00f9 vous pourrez nous retrouver !","robots":{"index":"index","follow":"follow","max-snippet":"max-snippet:-1","max-image-preview":"max-image-preview:large","max-video-preview":"max-video-preview:-1"},"canonical":"https:\/\/www.realisaprint.com\/blog\/actualite\/decouvrez-le-calendrier-des-salons-2026-des-arts-graphiques\/","og_locale":"fr_FR","og_type":"article","og_title":"Salons 2026 : D\u00e9couvrez le calendrier officiel | Le Blog Realisaprint","og_description":"D\u00e9couvrez le calendrier officiel des salons 2026 du secteurs des arts graphiques o\u00f9 vous pourrez nous retrouver !","og_url":"https:\/\/www.realisaprint.com\/blog\/actualite\/decouvrez-le-calendrier-des-salons-2026-des-arts-graphiques\/","og_site_name":"Le Blog Realisaprint","article_publisher":"https:\/\/www.facebook.com\/Realisaprint","article_published_time":"2026-01-22T09:34:15+00:00","article_modified_time":"2026-01-28T09:34:37+00:00","og_image":[{"width":800,"height":533,"url":"https:\/\/www.realisaprint.com\/blog\/wp-content\/uploads\/2026\/01\/salon-2026.png","type":"image\/png"}],"author":"Lucas A","twitter_card":"summary_large_image","twitter_creator":"@Realisaprintcom","twitter_site":"@Realisaprintcom","twitter_misc":{"\u00c9crit par":"Lucas A","Dur\u00e9e de lecture estim\u00e9e":"7 minutes"},"schema":{"@context":"https:\/\/schema.org","@graph":[{"@type":"WebPage","@id":"https:\/\/www.realisaprint.com\/blog\/actualite\/decouvrez-le-calendrier-des-salons-2026-des-arts-graphiques\/","url":"https:\/\/www.realisaprint.com\/blog\/actualite\/decouvrez-le-calendrier-des-salons-2026-des-arts-graphiques\/","name":"Salons 2026 : D\u00e9couvrez le calendrier officiel | Le Blog Realisaprint","isPartOf":{"@id":"https:\/\/www.realisaprint.com\/blog\/#website"},"primaryImageOfPage":{"@id":"https:\/\/www.realisaprint.com\/blog\/actualite\/decouvrez-le-calendrier-des-salons-2026-des-arts-graphiques\/#primaryimage"},"image":{"@id":"https:\/\/www.realisaprint.com\/blog\/actualite\/decouvrez-le-calendrier-des-salons-2026-des-arts-graphiques\/#primaryimage"},"thumbnailUrl":"https:\/\/www.realisaprint.com\/blog\/wp-content\/uploads\/2026\/01\/salon-2026.png","datePublished":"2026-01-22T09:34:15+00:00","dateModified":"2026-01-28T09:34:37+00:00","author":{"@id":"https:\/\/www.realisaprint.com\/blog\/#\/schema\/person\/b4f882c4a8ff39dac50f7c1bf805ef36"},"description":"D\u00e9couvrez le calendrier officiel des salons 2026 du secteurs des arts graphiques o\u00f9 vous pourrez nous retrouver !","breadcrumb":{"@id":"https:\/\/www.realisaprint.com\/blog\/actualite\/decouvrez-le-calendrier-des-salons-2026-des-arts-graphiques\/#breadcrumb"},"inLanguage":"fr-FR","potentialAction":[{"@type":"ReadAction","target":["https:\/\/www.realisaprint.com\/blog\/actualite\/decouvrez-le-calendrier-des-salons-2026-des-arts-graphiques\/"]}]},{"@type":"ImageObject","inLanguage":"fr-FR","@id":"https:\/\/www.realisaprint.com\/blog\/actualite\/decouvrez-le-calendrier-des-salons-2026-des-arts-graphiques\/#primaryimage","url":"https:\/\/www.realisaprint.com\/blog\/wp-content\/uploads\/2026\/01\/salon-2026.png","contentUrl":"https:\/\/www.realisaprint.com\/blog\/wp-content\/uploads\/2026\/01\/salon-2026.png","width":800,"height":533,"caption":"Calendrier des salons 2026 des arts graphiques"},{"@type":"BreadcrumbList","@id":"https:\/\/www.realisaprint.com\/blog\/actualite\/decouvrez-le-calendrier-des-salons-2026-des-arts-graphiques\/#breadcrumb","itemListElement":[{"@type":"ListItem","position":1,"name":"Accueil","item":"https:\/\/www.realisaprint.com\/blog\/"},{"@type":"ListItem","position":2,"name":"D\u00e9couvrez le calendrier des salons 2026 des arts graphiques"}]},{"@type":"WebSite","@id":"https:\/\/www.realisaprint.com\/blog\/#website","url":"https:\/\/www.realisaprint.com\/blog\/","name":"Le Blog Realisaprint","description":"","potentialAction":[{"@type":"SearchAction","target":{"@type":"EntryPoint","urlTemplate":"https:\/\/www.realisaprint.com\/blog\/?s={search_term_string}"},"query-input":"required name=search_term_string"}],"inLanguage":"fr-FR"},{"@type":"Person","@id":"https:\/\/www.realisaprint.com\/blog\/#\/schema\/person\/b4f882c4a8ff39dac50f7c1bf805ef36","name":"Lucas A","image":{"@type":"ImageObject","inLanguage":"fr-FR","@id":"https:\/\/www.realisaprint.com\/blog\/#\/schema\/person\/image\/","url":"https:\/\/secure.gravatar.com\/avatar\/37537aa0cc92014913687d11fed89d0aec4198c1ea7f79e31c816d64c3437252?s=96&d=mm&r=g","contentUrl":"https:\/\/secure.gravatar.com\/avatar\/37537aa0cc92014913687d11fed89d0aec4198c1ea7f79e31c816d64c3437252?s=96&d=mm&r=g","caption":"Lucas A"}}]}},"_links":{"self":[{"href":"https:\/\/www.realisaprint.com\/blog\/wp-json\/wp\/v2\/posts\/15836","targetHints":{"allow":["GET"]}}],"collection":[{"href":"https:\/\/www.realisaprint.com\/blog\/wp-json\/wp\/v2\/posts"}],"about":[{"href":"https:\/\/www.realisaprint.com\/blog\/wp-json\/wp\/v2\/types\/post"}],"author":[{"embeddable":true,"href":"https:\/\/www.realisaprint.com\/blog\/wp-json\/wp\/v2\/users\/2"}],"replies":[{"embeddable":true,"href":"https:\/\/www.realisaprint.com\/blog\/wp-json\/wp\/v2\/comments?post=15836"}],"version-history":[{"count":2,"href":"https:\/\/www.realisaprint.com\/blog\/wp-json\/wp\/v2\/posts\/15836\/revisions"}],"predecessor-version":[{"id":15841,"href":"https:\/\/www.realisaprint.com\/blog\/wp-json\/wp\/v2\/posts\/15836\/revisions\/15841"}],"wp:featuredmedia":[{"embeddable":true,"href":"https:\/\/www.realisaprint.com\/blog\/wp-json\/wp\/v2\/media\/15839"}],"wp:attachment":[{"href":"https:\/\/www.realisaprint.com\/blog\/wp-json\/wp\/v2\/media?parent=15836"}],"wp:term":[{"taxonomy":"category","embeddable":true,"href":"https:\/\/www.realisaprint.com\/blog\/wp-json\/wp\/v2\/categories?post=15836"},{"taxonomy":"post_tag","embeddable":true,"href":"https:\/\/www.realisaprint.com\/blog\/wp-json\/wp\/v2\/tags?post=15836"}],"curies":[{"name":"wp","href":"https:\/\/api.w.org\/{rel}","templated":true}]}}