{"id":642,"date":"2017-03-12T09:48:04","date_gmt":"2017-03-12T08:48:04","guid":{"rendered":"https:\/\/www.realisaprint.com\/blog\/?p=642"},"modified":"2017-09-13T12:30:44","modified_gmt":"2017-09-13T10:30:44","slug":"salon-imprimerie-drupa","status":"publish","type":"post","link":"https:\/\/www.realisaprint.com\/blog\/actualite\/salon-imprimerie-drupa\/","title":{"rendered":"Le Drupa : entre innovation et nouveaux mod\u00e8les commerciaux"},"content":{"rendered":"<p>Innovations, nouveaux mod\u00e8les commerciaux et nouveaux partenariats sont les ma\u00eetres-mots de Drupa. La prochaine \u00e9dition de ce salon de l\u2019imprimerie se d\u00e9roulera du 16 au 26 juin 2020, \u00e0 D\u00fcsseldorf (Allemagne).<\/p>\n<p><!--more--><\/p>\n<p>C\u2019est avec un alignement strat\u00e9gique clair, une nouvelle strat\u00e9gie de communication et des sujets de pointe que le salon Drupa entame sa course pour 2020. Ainsi, ce sont des exposants du monde entier qui se retrouveront dans ce <a href=\"https:\/\/www.realisaprint.com\/salons-imprimerie.php\">salon international<\/a>. Les innovations des technologies d\u2019impression pourront \u00eatre d\u00e9couvertes du 16 au 26 juin 2020. C\u2019est avec un go\u00fbt de r\u00e9ussite que la session de 2016 s\u2019\u00e9tait termin\u00e9e. Aujourd\u2019hui Sabine Geldermann (directrice du Drupa et du Global Head Print Technologies) veut rediriger un chapitre concluant dans l\u2019histoire de ce succ\u00e8s. Ainsi, le salon veut se concentrer sur des sujets d\u2019avenir avec un potentiel de croissance majeur.<\/p>\n<p><img loading=\"lazy\" decoding=\"async\" class=\"aligncenter wp-image-647 size-large\" src=\"https:\/\/www.realisaprint.com\/blog\/wp-content\/uploads\/2017\/09\/drupa-3-photo-Messe-D\u00fcsseldorf-ctillmann-e1504881020795-1024x413.jpg\" alt=\"Salon Drupa\" width=\"1024\" height=\"413\" srcset=\"https:\/\/www.realisaprint.com\/blog\/wp-content\/uploads\/2017\/09\/drupa-3-photo-Messe-D\u00fcsseldorf-ctillmann-e1504881020795-1024x413.jpg 1024w, https:\/\/www.realisaprint.com\/blog\/wp-content\/uploads\/2017\/09\/drupa-3-photo-Messe-D\u00fcsseldorf-ctillmann-e1504881020795-300x121.jpg 300w, https:\/\/www.realisaprint.com\/blog\/wp-content\/uploads\/2017\/09\/drupa-3-photo-Messe-D\u00fcsseldorf-ctillmann-e1504881020795-768x309.jpg 768w\" sizes=\"auto, (max-width: 1024px) 100vw, 1024px\" \/><\/p>\n<p>Le profil du Drupa 2020 a \u00e9t\u00e9 clairement d\u00e9fini\u00a0avec les groupes suivants\u00a0: pr\u00e9presse\/impression, pr\u00e9media\/multichannel, post-presse\/conversion\/conditionnement, future technologies, mat\u00e9riaux, \u00e9quipement\/services\/infrastructure. Concernant les th\u00e8mes, il y en aura quatre principaux. La production d\u2019emballage, l\u2019impression fonctionnelle, l\u2019impression 3D et l\u2019impression industrielle seront \u00e9voqu\u00e9s. Ainsi, c\u2019est un espace sp\u00e9cialement d\u00e9di\u00e9 \u00e0 l\u2019emballage qui sera la star de l\u2019\u00e9v\u00e8nement. En effet, le Touchpoint Packaging, lanc\u00e9 \u00e0 Drupa 2016, h\u00e9bergera la premi\u00e8re association europ\u00e9enne de designers de marques et d\u2019emballages. En collaboration avec l\u2019European Packaging Design Association (EPDA), cet espace couvrira toute la cha\u00eene de production, de l\u2019impression \u00e0 la vente.<\/p>\n<p>Pour cette \u00e9dition du Drupa 2020, Werner Matthias Dornscheidt, pr\u00e9sident de la direction de Messe D\u00fcsseldorf, est convaincu. \u00ab Avec des produits innovants pr\u00e9sent\u00e9s par nos exposants et le vaste programme de soutien, ce salon \u00e9tablira de nouvelles tendances\u00a0\u00bb. Enfin, il assure que le Drupa 2020 offrira des possibilit\u00e9s et des id\u00e9es en mati\u00e8re de r\u00e9seautage pour des affaires commerciales. Ainsi, le vaste programme de soutien sera pr\u00e9sent\u00e9 avec des \u00ab\u00a0Touchpoints\u00a0\u00bb, le \u00ab\u00a0Drupa cube\u00a0\u00bb et le \u00ab\u00a0dip\u00a0\u00bb afin de favoriser le dialogue et les \u00e9changes.<\/p>\n<h2><strong>Les salons en plus du Drupa 2020<\/strong><\/h2>\n<p><img loading=\"lazy\" decoding=\"async\" class=\"aligncenter wp-image-646 size-large\" src=\"https:\/\/www.realisaprint.com\/blog\/wp-content\/uploads\/2017\/09\/dupra-2-photo-Messe-D\u00fcsseldorf-ctillmann-e1504880971519-1024x507.jpg\" alt=\"salon Drupa\" width=\"1024\" height=\"507\" srcset=\"https:\/\/www.realisaprint.com\/blog\/wp-content\/uploads\/2017\/09\/dupra-2-photo-Messe-D\u00fcsseldorf-ctillmann-e1504880971519-1024x507.jpg 1024w, https:\/\/www.realisaprint.com\/blog\/wp-content\/uploads\/2017\/09\/dupra-2-photo-Messe-D\u00fcsseldorf-ctillmann-e1504880971519-300x148.jpg 300w, https:\/\/www.realisaprint.com\/blog\/wp-content\/uploads\/2017\/09\/dupra-2-photo-Messe-D\u00fcsseldorf-ctillmann-e1504880971519-768x380.jpg 768w\" sizes=\"auto, (max-width: 1024px) 100vw, 1024px\" \/><\/p>\n<p>Outre le salon qui aura lieu en Allemagne, les organisateurs du Drupa 2020 \u2013 Messe D\u00fcsseldorf \u2013 explorent d\u2019autres pays et proposent diff\u00e9rents salons. En 2017 auront lieu, du 20 au 23 septembre le pack print international \u00e0 Bangkok (Tha\u00eflande), du 12 au 15 octobre l\u2019IPAP \u00e0 T\u00e9h\u00e9ran (Iran) et du 7 au 10 novembre le Pacpro \u00e0 Shangha\u00ef (Chine). Enfin, les rencontres se continueront sur 2018. Du 11 au 13 mars aura lieu le Printpack \u00e0 Alger (Alg\u00e9rie), du 19 au 22 septembre l\u2019Indoprint \u00e0 Jakarta (Indon\u00e9sie) et du 24 au 28 octobre l\u2019All In Print \u00e0 Shangha\u00ef (Chine). Un programme charg\u00e9 qui satisfera les industries de l\u2019impression.<\/p>\n<p>Pour tous ces \u00e9v\u00e8nements, innovations et rencontres seront au go\u00fbt du jour. Ces diff\u00e9rents salons vous feront attendre jusqu\u2019au Drupa 2020. Messe D\u00fcsseldorf a acquis sa comp\u00e9tence internationale dans les industries de l\u2019impression et de\u00a0l\u2019emballage. Le tout gr\u00e2ce \u00e0 ces manifestations nationales qui regroupent plusieurs milliers de personnes. Ces foires commerciales sont organis\u00e9es autour du monde pour le plus grand plaisir des professionnels de ce milieu.<\/p>\n","protected":false},"excerpt":{"rendered":"<p>Innovations, nouveaux mod\u00e8les commerciaux et nouveaux partenariats sont les ma\u00eetres-mots de Drupa. La prochaine \u00e9dition de ce salon de l\u2019imprimerie se d\u00e9roulera du 16 au 26 juin 2020, \u00e0 D\u00fcsseldorf (Allemagne).<\/p>\n","protected":false},"author":2,"featured_media":649,"comment_status":"open","ping_status":"open","sticky":false,"template":"","format":"standard","meta":{"_acf_changed":false,"_monsterinsights_skip_tracking":false,"_monsterinsights_sitenote_active":false,"_monsterinsights_sitenote_note":"","_monsterinsights_sitenote_category":0,"footnotes":""},"categories":[13],"tags":[],"class_list":["post-642","post","type-post","status-publish","format-standard","has-post-thumbnail","hentry","category-actualite"],"acf":[],"yoast_head":"<!-- This site is optimized with the Yoast SEO plugin v22.7 - https:\/\/yoast.com\/wordpress\/plugins\/seo\/ -->\n<title>Le Drupa en course pour 2020 \u00e0 D\u00fcsseldorf, en Allemagne<\/title>\n<meta name=\"description\" content=\"Innovations, nouveaux mod\u00e8les et partenariats sont les ma\u00eetres-mots de Drupa. La prochaine \u00e9dition de ce salon de l\u2019imprimerie se d\u00e9roulera en juin 2020.\" \/>\n<meta name=\"robots\" content=\"index, follow, max-snippet:-1, max-image-preview:large, max-video-preview:-1\" \/>\n<link rel=\"canonical\" href=\"https:\/\/www.realisaprint.com\/blog\/actualite\/salon-imprimerie-drupa\/\" \/>\n<meta property=\"og:locale\" content=\"fr_FR\" \/>\n<meta property=\"og:type\" content=\"article\" \/>\n<meta property=\"og:title\" content=\"Le Drupa en course pour 2020 \u00e0 D\u00fcsseldorf, en Allemagne\" \/>\n<meta property=\"og:description\" content=\"Innovations, nouveaux mod\u00e8les et partenariats sont les ma\u00eetres-mots de Drupa. La prochaine \u00e9dition de ce salon de l\u2019imprimerie se d\u00e9roulera en juin 2020.\" \/>\n<meta property=\"og:url\" content=\"https:\/\/www.realisaprint.com\/blog\/actualite\/salon-imprimerie-drupa\/\" \/>\n<meta property=\"og:site_name\" content=\"Le Blog Realisaprint\" \/>\n<meta property=\"article:publisher\" content=\"https:\/\/www.facebook.com\/Realisaprint\" \/>\n<meta property=\"article:published_time\" content=\"2017-03-12T08:48:04+00:00\" \/>\n<meta property=\"article:modified_time\" content=\"2017-09-13T10:30:44+00:00\" \/>\n<meta property=\"og:image\" content=\"https:\/\/www.realisaprint.com\/blog\/wp-content\/uploads\/2017\/09\/drupa-1-photo-Messe-D\u00fcsseldorf-ctillmann.jpg\" \/>\n\t<meta property=\"og:image:width\" content=\"800\" \/>\n\t<meta property=\"og:image:height\" content=\"491\" \/>\n\t<meta property=\"og:image:type\" content=\"image\/jpeg\" \/>\n<meta name=\"author\" content=\"Lucas A\" \/>\n<meta name=\"twitter:card\" content=\"summary_large_image\" \/>\n<meta name=\"twitter:creator\" content=\"@Realisaprintcom\" \/>\n<meta name=\"twitter:site\" content=\"@Realisaprintcom\" \/>\n<meta name=\"twitter:label1\" content=\"\u00c9crit par\" \/>\n\t<meta name=\"twitter:data1\" content=\"Lucas A\" \/>\n\t<meta name=\"twitter:label2\" content=\"Dur\u00e9e de lecture estim\u00e9e\" \/>\n\t<meta name=\"twitter:data2\" content=\"3 minutes\" \/>\n<script type=\"application\/ld+json\" class=\"yoast-schema-graph\">{\"@context\":\"https:\/\/schema.org\",\"@graph\":[{\"@type\":\"WebPage\",\"@id\":\"https:\/\/www.realisaprint.com\/blog\/actualite\/salon-imprimerie-drupa\/\",\"url\":\"https:\/\/www.realisaprint.com\/blog\/actualite\/salon-imprimerie-drupa\/\",\"name\":\"Le Drupa en course pour 2020 \u00e0 D\u00fcsseldorf, en Allemagne\",\"isPartOf\":{\"@id\":\"https:\/\/www.realisaprint.com\/blog\/#website\"},\"primaryImageOfPage\":{\"@id\":\"https:\/\/www.realisaprint.com\/blog\/actualite\/salon-imprimerie-drupa\/#primaryimage\"},\"image\":{\"@id\":\"https:\/\/www.realisaprint.com\/blog\/actualite\/salon-imprimerie-drupa\/#primaryimage\"},\"thumbnailUrl\":\"https:\/\/www.realisaprint.com\/blog\/wp-content\/uploads\/2017\/09\/drupa-1-photo-Messe-D\u00fcsseldorf-ctillmann.jpg\",\"datePublished\":\"2017-03-12T08:48:04+00:00\",\"dateModified\":\"2017-09-13T10:30:44+00:00\",\"author\":{\"@id\":\"https:\/\/www.realisaprint.com\/blog\/#\/schema\/person\/b4f882c4a8ff39dac50f7c1bf805ef36\"},\"description\":\"Innovations, nouveaux mod\u00e8les et partenariats sont les ma\u00eetres-mots de Drupa. La prochaine \u00e9dition de ce salon de l\u2019imprimerie se d\u00e9roulera en juin 2020.\",\"breadcrumb\":{\"@id\":\"https:\/\/www.realisaprint.com\/blog\/actualite\/salon-imprimerie-drupa\/#breadcrumb\"},\"inLanguage\":\"fr-FR\",\"potentialAction\":[{\"@type\":\"ReadAction\",\"target\":[\"https:\/\/www.realisaprint.com\/blog\/actualite\/salon-imprimerie-drupa\/\"]}]},{\"@type\":\"ImageObject\",\"inLanguage\":\"fr-FR\",\"@id\":\"https:\/\/www.realisaprint.com\/blog\/actualite\/salon-imprimerie-drupa\/#primaryimage\",\"url\":\"https:\/\/www.realisaprint.com\/blog\/wp-content\/uploads\/2017\/09\/drupa-1-photo-Messe-D\u00fcsseldorf-ctillmann.jpg\",\"contentUrl\":\"https:\/\/www.realisaprint.com\/blog\/wp-content\/uploads\/2017\/09\/drupa-1-photo-Messe-D\u00fcsseldorf-ctillmann.jpg\",\"width\":800,\"height\":491,\"caption\":\"salon Drupa\"},{\"@type\":\"BreadcrumbList\",\"@id\":\"https:\/\/www.realisaprint.com\/blog\/actualite\/salon-imprimerie-drupa\/#breadcrumb\",\"itemListElement\":[{\"@type\":\"ListItem\",\"position\":1,\"name\":\"Accueil\",\"item\":\"https:\/\/www.realisaprint.com\/blog\/\"},{\"@type\":\"ListItem\",\"position\":2,\"name\":\"Le Drupa : entre innovation et nouveaux mod\u00e8les commerciaux\"}]},{\"@type\":\"WebSite\",\"@id\":\"https:\/\/www.realisaprint.com\/blog\/#website\",\"url\":\"https:\/\/www.realisaprint.com\/blog\/\",\"name\":\"Le Blog Realisaprint\",\"description\":\"\",\"potentialAction\":[{\"@type\":\"SearchAction\",\"target\":{\"@type\":\"EntryPoint\",\"urlTemplate\":\"https:\/\/www.realisaprint.com\/blog\/?s={search_term_string}\"},\"query-input\":\"required name=search_term_string\"}],\"inLanguage\":\"fr-FR\"},{\"@type\":\"Person\",\"@id\":\"https:\/\/www.realisaprint.com\/blog\/#\/schema\/person\/b4f882c4a8ff39dac50f7c1bf805ef36\",\"name\":\"Lucas A\",\"image\":{\"@type\":\"ImageObject\",\"inLanguage\":\"fr-FR\",\"@id\":\"https:\/\/www.realisaprint.com\/blog\/#\/schema\/person\/image\/\",\"url\":\"https:\/\/secure.gravatar.com\/avatar\/37537aa0cc92014913687d11fed89d0aec4198c1ea7f79e31c816d64c3437252?s=96&d=mm&r=g\",\"contentUrl\":\"https:\/\/secure.gravatar.com\/avatar\/37537aa0cc92014913687d11fed89d0aec4198c1ea7f79e31c816d64c3437252?s=96&d=mm&r=g\",\"caption\":\"Lucas A\"}}]}<\/script>\n<!-- \/ Yoast SEO plugin. -->","yoast_head_json":{"title":"Le Drupa en course pour 2020 \u00e0 D\u00fcsseldorf, en Allemagne","description":"Innovations, nouveaux mod\u00e8les et partenariats sont les ma\u00eetres-mots de Drupa. La prochaine \u00e9dition de ce salon de l\u2019imprimerie se d\u00e9roulera en juin 2020.","robots":{"index":"index","follow":"follow","max-snippet":"max-snippet:-1","max-image-preview":"max-image-preview:large","max-video-preview":"max-video-preview:-1"},"canonical":"https:\/\/www.realisaprint.com\/blog\/actualite\/salon-imprimerie-drupa\/","og_locale":"fr_FR","og_type":"article","og_title":"Le Drupa en course pour 2020 \u00e0 D\u00fcsseldorf, en Allemagne","og_description":"Innovations, nouveaux mod\u00e8les et partenariats sont les ma\u00eetres-mots de Drupa. La prochaine \u00e9dition de ce salon de l\u2019imprimerie se d\u00e9roulera en juin 2020.","og_url":"https:\/\/www.realisaprint.com\/blog\/actualite\/salon-imprimerie-drupa\/","og_site_name":"Le Blog Realisaprint","article_publisher":"https:\/\/www.facebook.com\/Realisaprint","article_published_time":"2017-03-12T08:48:04+00:00","article_modified_time":"2017-09-13T10:30:44+00:00","og_image":[{"width":800,"height":491,"url":"https:\/\/www.realisaprint.com\/blog\/wp-content\/uploads\/2017\/09\/drupa-1-photo-Messe-D\u00fcsseldorf-ctillmann.jpg","type":"image\/jpeg"}],"author":"Lucas A","twitter_card":"summary_large_image","twitter_creator":"@Realisaprintcom","twitter_site":"@Realisaprintcom","twitter_misc":{"\u00c9crit par":"Lucas A","Dur\u00e9e de lecture estim\u00e9e":"3 minutes"},"schema":{"@context":"https:\/\/schema.org","@graph":[{"@type":"WebPage","@id":"https:\/\/www.realisaprint.com\/blog\/actualite\/salon-imprimerie-drupa\/","url":"https:\/\/www.realisaprint.com\/blog\/actualite\/salon-imprimerie-drupa\/","name":"Le Drupa en course pour 2020 \u00e0 D\u00fcsseldorf, en Allemagne","isPartOf":{"@id":"https:\/\/www.realisaprint.com\/blog\/#website"},"primaryImageOfPage":{"@id":"https:\/\/www.realisaprint.com\/blog\/actualite\/salon-imprimerie-drupa\/#primaryimage"},"image":{"@id":"https:\/\/www.realisaprint.com\/blog\/actualite\/salon-imprimerie-drupa\/#primaryimage"},"thumbnailUrl":"https:\/\/www.realisaprint.com\/blog\/wp-content\/uploads\/2017\/09\/drupa-1-photo-Messe-D\u00fcsseldorf-ctillmann.jpg","datePublished":"2017-03-12T08:48:04+00:00","dateModified":"2017-09-13T10:30:44+00:00","author":{"@id":"https:\/\/www.realisaprint.com\/blog\/#\/schema\/person\/b4f882c4a8ff39dac50f7c1bf805ef36"},"description":"Innovations, nouveaux mod\u00e8les et partenariats sont les ma\u00eetres-mots de Drupa. La prochaine \u00e9dition de ce salon de l\u2019imprimerie se d\u00e9roulera en juin 2020.","breadcrumb":{"@id":"https:\/\/www.realisaprint.com\/blog\/actualite\/salon-imprimerie-drupa\/#breadcrumb"},"inLanguage":"fr-FR","potentialAction":[{"@type":"ReadAction","target":["https:\/\/www.realisaprint.com\/blog\/actualite\/salon-imprimerie-drupa\/"]}]},{"@type":"ImageObject","inLanguage":"fr-FR","@id":"https:\/\/www.realisaprint.com\/blog\/actualite\/salon-imprimerie-drupa\/#primaryimage","url":"https:\/\/www.realisaprint.com\/blog\/wp-content\/uploads\/2017\/09\/drupa-1-photo-Messe-D\u00fcsseldorf-ctillmann.jpg","contentUrl":"https:\/\/www.realisaprint.com\/blog\/wp-content\/uploads\/2017\/09\/drupa-1-photo-Messe-D\u00fcsseldorf-ctillmann.jpg","width":800,"height":491,"caption":"salon Drupa"},{"@type":"BreadcrumbList","@id":"https:\/\/www.realisaprint.com\/blog\/actualite\/salon-imprimerie-drupa\/#breadcrumb","itemListElement":[{"@type":"ListItem","position":1,"name":"Accueil","item":"https:\/\/www.realisaprint.com\/blog\/"},{"@type":"ListItem","position":2,"name":"Le Drupa : entre innovation et nouveaux mod\u00e8les commerciaux"}]},{"@type":"WebSite","@id":"https:\/\/www.realisaprint.com\/blog\/#website","url":"https:\/\/www.realisaprint.com\/blog\/","name":"Le Blog Realisaprint","description":"","potentialAction":[{"@type":"SearchAction","target":{"@type":"EntryPoint","urlTemplate":"https:\/\/www.realisaprint.com\/blog\/?s={search_term_string}"},"query-input":"required name=search_term_string"}],"inLanguage":"fr-FR"},{"@type":"Person","@id":"https:\/\/www.realisaprint.com\/blog\/#\/schema\/person\/b4f882c4a8ff39dac50f7c1bf805ef36","name":"Lucas A","image":{"@type":"ImageObject","inLanguage":"fr-FR","@id":"https:\/\/www.realisaprint.com\/blog\/#\/schema\/person\/image\/","url":"https:\/\/secure.gravatar.com\/avatar\/37537aa0cc92014913687d11fed89d0aec4198c1ea7f79e31c816d64c3437252?s=96&d=mm&r=g","contentUrl":"https:\/\/secure.gravatar.com\/avatar\/37537aa0cc92014913687d11fed89d0aec4198c1ea7f79e31c816d64c3437252?s=96&d=mm&r=g","caption":"Lucas A"}}]}},"_links":{"self":[{"href":"https:\/\/www.realisaprint.com\/blog\/wp-json\/wp\/v2\/posts\/642","targetHints":{"allow":["GET"]}}],"collection":[{"href":"https:\/\/www.realisaprint.com\/blog\/wp-json\/wp\/v2\/posts"}],"about":[{"href":"https:\/\/www.realisaprint.com\/blog\/wp-json\/wp\/v2\/types\/post"}],"author":[{"embeddable":true,"href":"https:\/\/www.realisaprint.com\/blog\/wp-json\/wp\/v2\/users\/2"}],"replies":[{"embeddable":true,"href":"https:\/\/www.realisaprint.com\/blog\/wp-json\/wp\/v2\/comments?post=642"}],"version-history":[{"count":7,"href":"https:\/\/www.realisaprint.com\/blog\/wp-json\/wp\/v2\/posts\/642\/revisions"}],"predecessor-version":[{"id":747,"href":"https:\/\/www.realisaprint.com\/blog\/wp-json\/wp\/v2\/posts\/642\/revisions\/747"}],"wp:featuredmedia":[{"embeddable":true,"href":"https:\/\/www.realisaprint.com\/blog\/wp-json\/wp\/v2\/media\/649"}],"wp:attachment":[{"href":"https:\/\/www.realisaprint.com\/blog\/wp-json\/wp\/v2\/media?parent=642"}],"wp:term":[{"taxonomy":"category","embeddable":true,"href":"https:\/\/www.realisaprint.com\/blog\/wp-json\/wp\/v2\/categories?post=642"},{"taxonomy":"post_tag","embeddable":true,"href":"https:\/\/www.realisaprint.com\/blog\/wp-json\/wp\/v2\/tags?post=642"}],"curies":[{"name":"wp","href":"https:\/\/api.w.org\/{rel}","templated":true}]}}