{"id":7714,"date":"2019-01-15T14:17:26","date_gmt":"2019-01-15T13:17:26","guid":{"rendered":"https:\/\/www.realisaprint.com\/blog\/?p=7714"},"modified":"2019-01-15T14:17:26","modified_gmt":"2019-01-15T13:17:26","slug":"interview-a-la-rencontre-de-jeremy-conseiller-commercial","status":"publish","type":"post","link":"https:\/\/www.realisaprint.com\/blog\/actualite\/interview-a-la-rencontre-de-jeremy-conseiller-commercial\/","title":{"rendered":"Interview : \u00e0 la rencontre de J\u00e9r\u00e9my, conseiller commercial"},"content":{"rendered":"<p>Pour notre interview du mois, nous avons interrog\u00e9 J\u00e9r\u00e9my. Pr\u00e9sent chez Realisaprint.com depuis maintenant 6 ans, il fait partie du service commercial.<!--more--><\/p>\n<h2>J\u00e9r\u00e9my, pr\u00e9sente-toi<a href=\"https:\/\/www.realisaprint.com\/blog\/wp-content\/uploads\/2019\/01\/globe.png\"><img loading=\"lazy\" decoding=\"async\" class=\"wp-image-7721 alignright\" src=\"https:\/\/www.realisaprint.com\/blog\/wp-content\/uploads\/2019\/01\/globe-300x300.png\" alt=\"tour du monde\" width=\"96\" height=\"96\" srcset=\"https:\/\/www.realisaprint.com\/blog\/wp-content\/uploads\/2019\/01\/globe-300x300.png 300w, https:\/\/www.realisaprint.com\/blog\/wp-content\/uploads\/2019\/01\/globe-150x150.png 150w, https:\/\/www.realisaprint.com\/blog\/wp-content\/uploads\/2019\/01\/globe-250x250.png 250w, https:\/\/www.realisaprint.com\/blog\/wp-content\/uploads\/2019\/01\/globe-120x120.png 120w, https:\/\/www.realisaprint.com\/blog\/wp-content\/uploads\/2019\/01\/globe.png 512w\" sizes=\"auto, (max-width: 96px) 100vw, 96px\" \/><\/a><\/h2>\n<p>Je fais parti de l&rsquo;entreprise depuis maintenant 6 ans. Apr\u00e8s avoir fait un tour du monde pendant 2 ans, j&rsquo;ai d\u00e9cid\u00e9 de revenir \u00e0 mes origines en r\u00e9int\u00e9grant l&rsquo;\u00e9quipe de Realisaprint.<\/p>\n<h2>Ton parcours avant d&rsquo;entrer chez Realisaprint.com<\/h2>\n<p>J&rsquo;ai commenc\u00e9 par faire des \u00e9tudes en communication en obtenant un BTS communication. Cette branche m&rsquo;a sembl\u00e9 \u00eatre une suite logique apr\u00e8s mon bac. Avant d&rsquo;entrer dans l&rsquo;entreprise, j&rsquo;ai enchain\u00e9 plusieurs jobs dans des domaines divers et vari\u00e9s comme la restauration, l&rsquo;h\u00f4tellerie mais aussi dans les secteurs de la banque et de l&rsquo;assurance. J&rsquo;ai toujours \u00e9t\u00e9 attir\u00e9 par la relation client et c&rsquo;est ce qui m&rsquo;a donn\u00e9 envie d&rsquo;int\u00e9grer une \u00e9quipe commerciale.<\/p>\n<h2>Parle-nous de ton m\u00e9tier, de ton r\u00f4le au sein de l&rsquo;entreprise<\/h2>\n<p>J&rsquo;ai int\u00e9gr\u00e9 Realisaprint.com d\u00e8s ses d\u00e9buts lorsque nous \u00e9tions encore que 4 personnes. L&rsquo;imprimerie \u00e9tait, pour moi, encore un domaine assez vague puisque je n&rsquo;avais pas de connaissance particuli\u00e8re dans ce secteur d&rsquo;activit\u00e9. Avant de devenir conseiller commercial, j&rsquo;ai effectu\u00e9 diff\u00e9rents postes notamment au service fichier et au service qualit\u00e9 mais aussi \u00e0 l&rsquo;exp\u00e9dition. La diversit\u00e9 des postes m&rsquo;a permis de comprendre la chaine graphique dans son ensemble. \u00c7a fait donc 6 ans que je fais parti de l&rsquo;entreprise.<\/p>\n<p>Au sein de l&rsquo;entreprise, je m&rsquo;occupe de r\u00e9pondre aux demandes des clients. Je suis donc en charge de la gestion des devis pour le client. Pour r\u00e9pondre \u00e0 leurs demandes, je suis en permanence en relation avec l&rsquo;ensemble des services de l&rsquo;entreprise pour proposer aux clients la meilleure offre possible. Dans ce m\u00e9tier, j&rsquo;appr\u00e9cie la dimension humaine et le fait de renseigner les clients sur leur demande.<\/p>\n<h2>Une anecdote \u00e0 partager avec nous<\/h2>\n<p>Sans aucun doute la naissance de ma fille ! Un \u00e9v\u00e9nement r\u00e9cent et intense. Son arriv\u00e9e repr\u00e9sente un des plus beaux moments de ma vie et a fait ressortir le meilleur de moi. Je suis fier d&rsquo;avoir \u00e9t\u00e9 pr\u00e9sent \u00e0 sa naissance et d&rsquo;avoir partag\u00e9 ce moment avec ma femme. Pour la premi\u00e8re fois, j&rsquo;ai pass\u00e9 une journ\u00e9e sans r\u00e2ler, et \u00e7a, ce n&rsquo;est pas rien.<\/p>\n<h2>Un conseil pour les futurs membres de l&rsquo;\u00e9quipe commerciale?<\/h2>\n<p><a href=\"https:\/\/www.realisaprint.com\/blog\/wp-content\/uploads\/2019\/01\/conseils.png\"><img loading=\"lazy\" decoding=\"async\" class=\"size-full wp-image-7716 alignleft\" src=\"https:\/\/www.realisaprint.com\/blog\/wp-content\/uploads\/2019\/01\/conseils.png\" alt=\"interview\" width=\"150\" height=\"150\" srcset=\"https:\/\/www.realisaprint.com\/blog\/wp-content\/uploads\/2019\/01\/conseils.png 150w, https:\/\/www.realisaprint.com\/blog\/wp-content\/uploads\/2019\/01\/conseils-120x120.png 120w\" sizes=\"auto, (max-width: 150px) 100vw, 150px\" \/><\/a>\u00catre curieux, s&rsquo;int\u00e9resser \u00e0 tout. Le milieu de l&rsquo;imprimerie est un domaine complexe. Pour moi, si on n&rsquo;est pas curieux, il est difficile de comprendre le fonctionnement de l&rsquo;imprimerie. Pour \u00eatre dans une \u00e9quipe commerciale, il est aussi important d&rsquo;avoir un bon relationnel. Nous sommes sans cesse en contact avec les clients alors il est conseill\u00e9 d&rsquo;avoir un bon relationnel pour exercer ce m\u00e9tier. Selon moi, il est \u00e9galement important d&rsquo;avoir une bonne capacit\u00e9 d&rsquo;analyse pour comprendre la demande du client et pouvoir lui apporter la r\u00e9ponse dont il a besoin.<\/p>\n<blockquote><p>&nbsp;<\/p>\n<p>&nbsp;<\/p>\n<p>Vous avez des questions pour J\u00e9r\u00e9my ? N&rsquo;h\u00e9sitez pas \u00e0 les poster en commentaires ci-dessous ou sur notre page Facebook. Il sera ravi d&rsquo;y r\u00e9pondre !<\/p><\/blockquote>\n","protected":false},"excerpt":{"rendered":"<p>Pour notre interview du mois, nous avons interrog\u00e9 J\u00e9r\u00e9my. Pr\u00e9sent chez Realisaprint.com depuis maintenant 6 ans, il fait partie du service commercial.<\/p>\n","protected":false},"author":2,"featured_media":7756,"comment_status":"open","ping_status":"open","sticky":false,"template":"","format":"standard","meta":{"_acf_changed":false,"_monsterinsights_skip_tracking":false,"_monsterinsights_sitenote_active":false,"_monsterinsights_sitenote_note":"","_monsterinsights_sitenote_category":0,"footnotes":""},"categories":[15,13],"tags":[],"class_list":["post-7714","post","type-post","status-publish","format-standard","has-post-thumbnail","hentry","category-interviews-equipe","category-actualite"],"acf":[],"yoast_head":"<!-- This site is optimized with the Yoast SEO plugin v22.7 - https:\/\/yoast.com\/wordpress\/plugins\/seo\/ -->\n<title>Interview : \u00e0 la rencontre de J\u00e9r\u00e9my, conseiller commercial | Le Blog Realisaprint<\/title>\n<meta name=\"description\" content=\"Pour notre interview du mois, nous avons interrog\u00e9 J\u00e9r\u00e9my. Pr\u00e9sent chez Realisaprint.com depuis maintenant 6 ans, il fait partie du service commercial.\" \/>\n<meta name=\"robots\" content=\"index, follow, max-snippet:-1, max-image-preview:large, max-video-preview:-1\" \/>\n<link rel=\"canonical\" href=\"https:\/\/www.realisaprint.com\/blog\/actualite\/interview-a-la-rencontre-de-jeremy-conseiller-commercial\/\" \/>\n<meta property=\"og:locale\" content=\"fr_FR\" \/>\n<meta property=\"og:type\" content=\"article\" \/>\n<meta property=\"og:title\" content=\"Interview : \u00e0 la rencontre de J\u00e9r\u00e9my, conseiller commercial | Le Blog Realisaprint\" \/>\n<meta property=\"og:description\" content=\"Pour notre interview du mois, nous avons interrog\u00e9 J\u00e9r\u00e9my. Pr\u00e9sent chez Realisaprint.com depuis maintenant 6 ans, il fait partie du service commercial.\" \/>\n<meta property=\"og:url\" content=\"https:\/\/www.realisaprint.com\/blog\/actualite\/interview-a-la-rencontre-de-jeremy-conseiller-commercial\/\" \/>\n<meta property=\"og:site_name\" content=\"Le Blog Realisaprint\" \/>\n<meta property=\"article:publisher\" content=\"https:\/\/www.facebook.com\/Realisaprint\" \/>\n<meta property=\"article:published_time\" content=\"2019-01-15T13:17:26+00:00\" \/>\n<meta property=\"og:image\" content=\"https:\/\/www.realisaprint.com\/blog\/wp-content\/uploads\/2019\/01\/Jeremy.jpg\" \/>\n\t<meta property=\"og:image:width\" content=\"800\" \/>\n\t<meta property=\"og:image:height\" content=\"523\" \/>\n\t<meta property=\"og:image:type\" content=\"image\/jpeg\" \/>\n<meta name=\"author\" content=\"Lucas A\" \/>\n<meta name=\"twitter:card\" content=\"summary_large_image\" \/>\n<meta name=\"twitter:creator\" content=\"@Realisaprintcom\" \/>\n<meta name=\"twitter:site\" content=\"@Realisaprintcom\" \/>\n<meta name=\"twitter:label1\" content=\"\u00c9crit par\" \/>\n\t<meta name=\"twitter:data1\" content=\"Lucas A\" \/>\n\t<meta name=\"twitter:label2\" content=\"Dur\u00e9e de lecture estim\u00e9e\" \/>\n\t<meta name=\"twitter:data2\" content=\"3 minutes\" \/>\n<script type=\"application\/ld+json\" class=\"yoast-schema-graph\">{\"@context\":\"https:\/\/schema.org\",\"@graph\":[{\"@type\":\"WebPage\",\"@id\":\"https:\/\/www.realisaprint.com\/blog\/actualite\/interview-a-la-rencontre-de-jeremy-conseiller-commercial\/\",\"url\":\"https:\/\/www.realisaprint.com\/blog\/actualite\/interview-a-la-rencontre-de-jeremy-conseiller-commercial\/\",\"name\":\"Interview : \u00e0 la rencontre de J\u00e9r\u00e9my, conseiller commercial | Le Blog Realisaprint\",\"isPartOf\":{\"@id\":\"https:\/\/www.realisaprint.com\/blog\/#website\"},\"primaryImageOfPage\":{\"@id\":\"https:\/\/www.realisaprint.com\/blog\/actualite\/interview-a-la-rencontre-de-jeremy-conseiller-commercial\/#primaryimage\"},\"image\":{\"@id\":\"https:\/\/www.realisaprint.com\/blog\/actualite\/interview-a-la-rencontre-de-jeremy-conseiller-commercial\/#primaryimage\"},\"thumbnailUrl\":\"https:\/\/www.realisaprint.com\/blog\/wp-content\/uploads\/2019\/01\/Jeremy.jpg\",\"datePublished\":\"2019-01-15T13:17:26+00:00\",\"dateModified\":\"2019-01-15T13:17:26+00:00\",\"author\":{\"@id\":\"https:\/\/www.realisaprint.com\/blog\/#\/schema\/person\/b4f882c4a8ff39dac50f7c1bf805ef36\"},\"description\":\"Pour notre interview du mois, nous avons interrog\u00e9 J\u00e9r\u00e9my. Pr\u00e9sent chez Realisaprint.com depuis maintenant 6 ans, il fait partie du service commercial.\",\"breadcrumb\":{\"@id\":\"https:\/\/www.realisaprint.com\/blog\/actualite\/interview-a-la-rencontre-de-jeremy-conseiller-commercial\/#breadcrumb\"},\"inLanguage\":\"fr-FR\",\"potentialAction\":[{\"@type\":\"ReadAction\",\"target\":[\"https:\/\/www.realisaprint.com\/blog\/actualite\/interview-a-la-rencontre-de-jeremy-conseiller-commercial\/\"]}]},{\"@type\":\"ImageObject\",\"inLanguage\":\"fr-FR\",\"@id\":\"https:\/\/www.realisaprint.com\/blog\/actualite\/interview-a-la-rencontre-de-jeremy-conseiller-commercial\/#primaryimage\",\"url\":\"https:\/\/www.realisaprint.com\/blog\/wp-content\/uploads\/2019\/01\/Jeremy.jpg\",\"contentUrl\":\"https:\/\/www.realisaprint.com\/blog\/wp-content\/uploads\/2019\/01\/Jeremy.jpg\",\"width\":800,\"height\":523,\"caption\":\"interview realisaprint\"},{\"@type\":\"BreadcrumbList\",\"@id\":\"https:\/\/www.realisaprint.com\/blog\/actualite\/interview-a-la-rencontre-de-jeremy-conseiller-commercial\/#breadcrumb\",\"itemListElement\":[{\"@type\":\"ListItem\",\"position\":1,\"name\":\"Accueil\",\"item\":\"https:\/\/www.realisaprint.com\/blog\/\"},{\"@type\":\"ListItem\",\"position\":2,\"name\":\"Interview : \u00e0 la rencontre de J\u00e9r\u00e9my, conseiller commercial\"}]},{\"@type\":\"WebSite\",\"@id\":\"https:\/\/www.realisaprint.com\/blog\/#website\",\"url\":\"https:\/\/www.realisaprint.com\/blog\/\",\"name\":\"Le Blog Realisaprint\",\"description\":\"\",\"potentialAction\":[{\"@type\":\"SearchAction\",\"target\":{\"@type\":\"EntryPoint\",\"urlTemplate\":\"https:\/\/www.realisaprint.com\/blog\/?s={search_term_string}\"},\"query-input\":\"required name=search_term_string\"}],\"inLanguage\":\"fr-FR\"},{\"@type\":\"Person\",\"@id\":\"https:\/\/www.realisaprint.com\/blog\/#\/schema\/person\/b4f882c4a8ff39dac50f7c1bf805ef36\",\"name\":\"Lucas A\",\"image\":{\"@type\":\"ImageObject\",\"inLanguage\":\"fr-FR\",\"@id\":\"https:\/\/www.realisaprint.com\/blog\/#\/schema\/person\/image\/\",\"url\":\"https:\/\/secure.gravatar.com\/avatar\/37537aa0cc92014913687d11fed89d0aec4198c1ea7f79e31c816d64c3437252?s=96&d=mm&r=g\",\"contentUrl\":\"https:\/\/secure.gravatar.com\/avatar\/37537aa0cc92014913687d11fed89d0aec4198c1ea7f79e31c816d64c3437252?s=96&d=mm&r=g\",\"caption\":\"Lucas A\"}}]}<\/script>\n<!-- \/ Yoast SEO plugin. -->","yoast_head_json":{"title":"Interview : \u00e0 la rencontre de J\u00e9r\u00e9my, conseiller commercial | Le Blog Realisaprint","description":"Pour notre interview du mois, nous avons interrog\u00e9 J\u00e9r\u00e9my. Pr\u00e9sent chez Realisaprint.com depuis maintenant 6 ans, il fait partie du service commercial.","robots":{"index":"index","follow":"follow","max-snippet":"max-snippet:-1","max-image-preview":"max-image-preview:large","max-video-preview":"max-video-preview:-1"},"canonical":"https:\/\/www.realisaprint.com\/blog\/actualite\/interview-a-la-rencontre-de-jeremy-conseiller-commercial\/","og_locale":"fr_FR","og_type":"article","og_title":"Interview : \u00e0 la rencontre de J\u00e9r\u00e9my, conseiller commercial | Le Blog Realisaprint","og_description":"Pour notre interview du mois, nous avons interrog\u00e9 J\u00e9r\u00e9my. Pr\u00e9sent chez Realisaprint.com depuis maintenant 6 ans, il fait partie du service commercial.","og_url":"https:\/\/www.realisaprint.com\/blog\/actualite\/interview-a-la-rencontre-de-jeremy-conseiller-commercial\/","og_site_name":"Le Blog Realisaprint","article_publisher":"https:\/\/www.facebook.com\/Realisaprint","article_published_time":"2019-01-15T13:17:26+00:00","og_image":[{"width":800,"height":523,"url":"https:\/\/www.realisaprint.com\/blog\/wp-content\/uploads\/2019\/01\/Jeremy.jpg","type":"image\/jpeg"}],"author":"Lucas A","twitter_card":"summary_large_image","twitter_creator":"@Realisaprintcom","twitter_site":"@Realisaprintcom","twitter_misc":{"\u00c9crit par":"Lucas A","Dur\u00e9e de lecture estim\u00e9e":"3 minutes"},"schema":{"@context":"https:\/\/schema.org","@graph":[{"@type":"WebPage","@id":"https:\/\/www.realisaprint.com\/blog\/actualite\/interview-a-la-rencontre-de-jeremy-conseiller-commercial\/","url":"https:\/\/www.realisaprint.com\/blog\/actualite\/interview-a-la-rencontre-de-jeremy-conseiller-commercial\/","name":"Interview : \u00e0 la rencontre de J\u00e9r\u00e9my, conseiller commercial | Le Blog Realisaprint","isPartOf":{"@id":"https:\/\/www.realisaprint.com\/blog\/#website"},"primaryImageOfPage":{"@id":"https:\/\/www.realisaprint.com\/blog\/actualite\/interview-a-la-rencontre-de-jeremy-conseiller-commercial\/#primaryimage"},"image":{"@id":"https:\/\/www.realisaprint.com\/blog\/actualite\/interview-a-la-rencontre-de-jeremy-conseiller-commercial\/#primaryimage"},"thumbnailUrl":"https:\/\/www.realisaprint.com\/blog\/wp-content\/uploads\/2019\/01\/Jeremy.jpg","datePublished":"2019-01-15T13:17:26+00:00","dateModified":"2019-01-15T13:17:26+00:00","author":{"@id":"https:\/\/www.realisaprint.com\/blog\/#\/schema\/person\/b4f882c4a8ff39dac50f7c1bf805ef36"},"description":"Pour notre interview du mois, nous avons interrog\u00e9 J\u00e9r\u00e9my. Pr\u00e9sent chez Realisaprint.com depuis maintenant 6 ans, il fait partie du service commercial.","breadcrumb":{"@id":"https:\/\/www.realisaprint.com\/blog\/actualite\/interview-a-la-rencontre-de-jeremy-conseiller-commercial\/#breadcrumb"},"inLanguage":"fr-FR","potentialAction":[{"@type":"ReadAction","target":["https:\/\/www.realisaprint.com\/blog\/actualite\/interview-a-la-rencontre-de-jeremy-conseiller-commercial\/"]}]},{"@type":"ImageObject","inLanguage":"fr-FR","@id":"https:\/\/www.realisaprint.com\/blog\/actualite\/interview-a-la-rencontre-de-jeremy-conseiller-commercial\/#primaryimage","url":"https:\/\/www.realisaprint.com\/blog\/wp-content\/uploads\/2019\/01\/Jeremy.jpg","contentUrl":"https:\/\/www.realisaprint.com\/blog\/wp-content\/uploads\/2019\/01\/Jeremy.jpg","width":800,"height":523,"caption":"interview realisaprint"},{"@type":"BreadcrumbList","@id":"https:\/\/www.realisaprint.com\/blog\/actualite\/interview-a-la-rencontre-de-jeremy-conseiller-commercial\/#breadcrumb","itemListElement":[{"@type":"ListItem","position":1,"name":"Accueil","item":"https:\/\/www.realisaprint.com\/blog\/"},{"@type":"ListItem","position":2,"name":"Interview : \u00e0 la rencontre de J\u00e9r\u00e9my, conseiller commercial"}]},{"@type":"WebSite","@id":"https:\/\/www.realisaprint.com\/blog\/#website","url":"https:\/\/www.realisaprint.com\/blog\/","name":"Le Blog Realisaprint","description":"","potentialAction":[{"@type":"SearchAction","target":{"@type":"EntryPoint","urlTemplate":"https:\/\/www.realisaprint.com\/blog\/?s={search_term_string}"},"query-input":"required name=search_term_string"}],"inLanguage":"fr-FR"},{"@type":"Person","@id":"https:\/\/www.realisaprint.com\/blog\/#\/schema\/person\/b4f882c4a8ff39dac50f7c1bf805ef36","name":"Lucas A","image":{"@type":"ImageObject","inLanguage":"fr-FR","@id":"https:\/\/www.realisaprint.com\/blog\/#\/schema\/person\/image\/","url":"https:\/\/secure.gravatar.com\/avatar\/37537aa0cc92014913687d11fed89d0aec4198c1ea7f79e31c816d64c3437252?s=96&d=mm&r=g","contentUrl":"https:\/\/secure.gravatar.com\/avatar\/37537aa0cc92014913687d11fed89d0aec4198c1ea7f79e31c816d64c3437252?s=96&d=mm&r=g","caption":"Lucas A"}}]}},"_links":{"self":[{"href":"https:\/\/www.realisaprint.com\/blog\/wp-json\/wp\/v2\/posts\/7714","targetHints":{"allow":["GET"]}}],"collection":[{"href":"https:\/\/www.realisaprint.com\/blog\/wp-json\/wp\/v2\/posts"}],"about":[{"href":"https:\/\/www.realisaprint.com\/blog\/wp-json\/wp\/v2\/types\/post"}],"author":[{"embeddable":true,"href":"https:\/\/www.realisaprint.com\/blog\/wp-json\/wp\/v2\/users\/2"}],"replies":[{"embeddable":true,"href":"https:\/\/www.realisaprint.com\/blog\/wp-json\/wp\/v2\/comments?post=7714"}],"version-history":[{"count":8,"href":"https:\/\/www.realisaprint.com\/blog\/wp-json\/wp\/v2\/posts\/7714\/revisions"}],"predecessor-version":[{"id":7758,"href":"https:\/\/www.realisaprint.com\/blog\/wp-json\/wp\/v2\/posts\/7714\/revisions\/7758"}],"wp:featuredmedia":[{"embeddable":true,"href":"https:\/\/www.realisaprint.com\/blog\/wp-json\/wp\/v2\/media\/7756"}],"wp:attachment":[{"href":"https:\/\/www.realisaprint.com\/blog\/wp-json\/wp\/v2\/media?parent=7714"}],"wp:term":[{"taxonomy":"category","embeddable":true,"href":"https:\/\/www.realisaprint.com\/blog\/wp-json\/wp\/v2\/categories?post=7714"},{"taxonomy":"post_tag","embeddable":true,"href":"https:\/\/www.realisaprint.com\/blog\/wp-json\/wp\/v2\/tags?post=7714"}],"curies":[{"name":"wp","href":"https:\/\/api.w.org\/{rel}","templated":true}]}}